{"id":221,"date":"2025-01-09T09:18:49","date_gmt":"2025-01-09T09:18:49","guid":{"rendered":"https:\/\/unideyim.com\/blog\/?p=221"},"modified":"2025-01-23T07:41:53","modified_gmt":"2025-01-23T07:41:53","slug":"almanyada-hochschule-ve-fachhochschule-sistemleri","status":"publish","type":"post","link":"https:\/\/unideyim.com\/blog\/?p=221","title":{"rendered":"Almanya\u2019da Hochschule ve Fachhochschule Sistemleri"},"content":{"rendered":"\n<p style=\"border-style:none;border-width:0px\">Almanya\u2019da Hochschule ve Fachhochschule sistemleri, uygulamal\u0131 e\u011fitim arayan \u00f6\u011frenciler i\u00e7in harika bir se\u00e7enek sunar. Uzun s\u00fcreli staj programlar\u0131 ve sekt\u00f6rel ba\u011flant\u0131lar\u0131 sayesinde mezunlar\u0131n kariyerlerine h\u0131zl\u0131 bir ba\u015flang\u0131\u00e7 yapmalar\u0131n\u0131 sa\u011flar. Teknik \u00fcniversitelerden farkl\u0131 olarak daha pratik ve mesleki odakl\u0131 bir e\u011fitim sunan bu kurumlar, hem Almanya\u2019da hem de uluslararas\u0131 alanda ge\u00e7erli diplomalar verir.<\/p>\n\n\n\n<h3 class=\"wp-block-heading\"><strong>Hochschule ve Fachhochschule Nedir?<\/strong><\/h3>\n\n\n\n<figure class=\"wp-block-image alignright size-full is-resized\"><img loading=\"lazy\" decoding=\"async\" width=\"785\" height=\"523\" src=\"https:\/\/unideyim.com\/blog\/wp-content\/uploads\/2025\/01\/image.png\" alt=\"\" class=\"wp-image-222\" style=\"width:414px;height:auto\" srcset=\"https:\/\/unideyim.com\/blog\/wp-content\/uploads\/2025\/01\/image.png 785w, https:\/\/unideyim.com\/blog\/wp-content\/uploads\/2025\/01\/image-300x200.png 300w, https:\/\/unideyim.com\/blog\/wp-content\/uploads\/2025\/01\/image-768x512.png 768w\" sizes=\"auto, (max-width: 785px) 100vw, 785px\" \/><\/figure>\n\n\n\n<p><strong>Hochschule<\/strong>, Almanca\u2019da genel olarak &#8220;y\u00fcksekokul&#8221; anlam\u0131na gelir ve \u00e7o\u011fu zaman hem uygulamal\u0131 bilimler \u00fcniversitelerini (Fachhochschule) hem de di\u011fer teknik olmayan y\u00fcksekokullar\u0131 kapsar. Ancak Almanya\u2019da Hochschule terimi, genellikle uygulamal\u0131 bilimler alan\u0131nda uzmanla\u015fm\u0131\u015f kurumlar i\u00e7in kullan\u0131l\u0131r.<\/p>\n\n\n\n<p><strong>Fachhochschule (FH)<\/strong>, 1960&#8217;l\u0131 y\u0131llarda sanayi ve i\u015f d\u00fcnyas\u0131n\u0131n ihtiya\u00e7lar\u0131na uygun teknik uzmanlar yeti\u015ftirmek amac\u0131yla kurulmu\u015ftur. Bu kurumlar, teorik bilgiden \u00e7ok pratik e\u011fitime odaklan\u0131r ve sekt\u00f6rle s\u0131k\u0131 ba\u011flar kurar.<\/p>\n\n\n\n<p>Her iki kurum da uygulamal\u0131 e\u011fitime b\u00fcy\u00fck \u00f6nem verir, ancak Fachhochschule&#8217;ler genellikle daha spesifik ve mesleki e\u011fitim sunarken, Hochschule&#8217;ler daha geni\u015f bir yelpazede akademik programlar sunabilir.<\/p>\n\n\n\n<hr class=\"wp-block-separator has-alpha-channel-opacity\" \/>\n\n\n\n<h3 class=\"wp-block-heading\"><strong>Teknik \u00dcniversiteler ile Kar\u015f\u0131la\u015ft\u0131r\u0131ld\u0131\u011f\u0131nda Avantajlar\u0131<\/strong><\/h3>\n\n\n\n<p><strong>1. Uygulama Odakl\u0131 E\u011fitim:<\/strong><strong><br><\/strong>Fachhochschule ve Hochschule&#8217;ler, teorik bilgiyi prati\u011fe d\u00f6kmek konusunda \u00e7ok iyidir. Derslerde verilen bilgilerin i\u015f hayat\u0131nda nas\u0131l kullan\u0131labilece\u011fi \u00f6ne \u00e7\u0131kar\u0131l\u0131r. Teknik \u00fcniversitelerde e\u011fitim daha akademik ve teorik odakl\u0131 iken bu kurumlar, mezunlar\u0131n hemen i\u015f bulmalar\u0131na yard\u0131mc\u0131 olacak beceriler kazand\u0131r\u0131r.<\/p>\n\n\n\n<p><strong>2. Staj ve Sekt\u00f6r Ba\u011flant\u0131lar\u0131:<\/strong><strong><br><\/strong>Fachhochschule ve Hochschule&#8217;ler, daha uzun s\u00fcreli zorunlu staj programlar\u0131 sunarak \u00f6\u011frencilerin daha e\u011fitim s\u00fcrecindeyken i\u015f d\u00fcnyas\u0131na ad\u0131m atmalar\u0131n\u0131 sa\u011flar. Bu da mezun olduktan sonra i\u015f bulma s\u00fcrecini kolayla\u015ft\u0131r\u0131r.<\/p>\n\n\n\n<p><strong>3. Akademik Kariyerden \u00c7ok Mesleki Kariyere Odaklanma:<\/strong><strong><br><\/strong>Teknik \u00fcniversiteler daha \u00e7ok akademik ara\u015ft\u0131rma ve doktora programlar\u0131na y\u00f6nelikken, Hochschule ve Fachhochschule mezunlar\u0131 i\u015f hayat\u0131na odaklan\u0131r ve bu alanlarda uzmanla\u015f\u0131r.<\/p>\n\n\n\n<hr class=\"wp-block-separator has-alpha-channel-opacity\" \/>\n\n\n\n<h3 class=\"wp-block-heading\"><strong>E\u011fitim S\u00fcresi ve Mezuniyet Sonras\u0131 Avantajlar<\/strong><\/h3>\n\n\n\n<figure class=\"wp-block-image alignleft size-full is-resized\"><img loading=\"lazy\" decoding=\"async\" width=\"768\" height=\"512\" src=\"https:\/\/unideyim.com\/blog\/wp-content\/uploads\/2025\/01\/image-1.png\" alt=\"\" class=\"wp-image-223\" style=\"width:435px;height:auto\" srcset=\"https:\/\/unideyim.com\/blog\/wp-content\/uploads\/2025\/01\/image-1.png 768w, https:\/\/unideyim.com\/blog\/wp-content\/uploads\/2025\/01\/image-1-300x200.png 300w\" sizes=\"auto, (max-width: 768px) 100vw, 768px\" \/><\/figure>\n\n\n\n<p><strong>E\u011fitim S\u00fcresi:<\/strong><strong><br><\/strong>Hochschule ve Fachhochschule&#8217;lerde lisans programlar\u0131 genellikle 3 y\u0131l (6 d\u00f6nem) s\u00fcrer. Baz\u0131 programlarda 1 d\u00f6nemlik zorunlu staj bulunur. Y\u00fcksek lisans programlar\u0131 ise 1,5 ila 2 y\u0131l aras\u0131nda tamamlanabilir.<\/p>\n\n\n\n<p><strong>Mezuniyet Sonras\u0131 Avantajlar:<\/strong><\/p>\n\n\n\n<ol class=\"wp-block-list\">\n<li><strong>H\u0131zl\u0131 \u0130\u015f Bulma F\u0131rsatlar\u0131:<\/strong> Uygulamal\u0131 e\u011fitimden dolay\u0131, mezunlar\u0131n \u00e7o\u011fu staj yapt\u0131klar\u0131 firmalarda i\u015f bulur.<\/li>\n\n\n\n<li><strong>Uluslararas\u0131 Ge\u00e7erlilik:<\/strong> Alman e\u011fitim sistemi d\u00fcnya genelinde kabul g\u00f6rd\u00fc\u011f\u00fc i\u00e7in mezunlar yurt d\u0131\u015f\u0131nda da rahat\u00e7a i\u015f bulabilir.<\/li>\n\n\n\n<li><strong>Geni\u015f Kariyer Se\u00e7enekleri:<\/strong> Mezunlar, ba\u015fta m\u00fchendislik, bili\u015fim, i\u015fletme ve tasar\u0131m gibi alanlar olmak \u00fczere \u00e7e\u015fitli sekt\u00f6rlerde kariyer yapabilirler.<\/li>\n<\/ol>\n\n\n\n<hr class=\"wp-block-separator has-alpha-channel-opacity\" \/>\n\n\n\n<h3 class=\"wp-block-heading\"><strong>Pop\u00fcler Hochschuleler ve En \u00c7ok Tercih Edilen B\u00f6l\u00fcmleri<\/strong><\/h3>\n\n\n\n<ol class=\"wp-block-list\">\n<li><strong>Technische Hochschule M\u00fcnchen (TUM)<\/strong>\n<ul class=\"wp-block-list\">\n<li>M\u00fchendislik<\/li>\n\n\n\n<li>Bilgisayar Bilimleri<\/li>\n\n\n\n<li>End\u00fcstri Tasar\u0131m\u0131<\/li>\n<\/ul>\n<\/li>\n\n\n\n<li><strong>Hochschule Mannheim<\/strong>\n<ul class=\"wp-block-list\">\n<li>Kimya M\u00fchendisli\u011fi<\/li>\n\n\n\n<li>Mekatronik<\/li>\n\n\n\n<li>Biyoteknoloji<\/li>\n<\/ul>\n<\/li>\n\n\n\n<li><strong>Hochschule Karlsruhe<\/strong>\n<ul class=\"wp-block-list\">\n<li>Elektrik-Elektronik M\u00fchendisli\u011fi<\/li>\n\n\n\n<li>Otomotiv Teknolojisi<\/li>\n\n\n\n<li>Bilgi Teknolojileri<\/li>\n<\/ul>\n<\/li>\n\n\n\n<li><strong>Hochschule Bremen<\/strong>\n<ul class=\"wp-block-list\">\n<li>Denizcilik M\u00fchendisli\u011fi<\/li>\n\n\n\n<li>Havac\u0131l\u0131k ve Uzay M\u00fchendisli\u011fi<\/li>\n\n\n\n<li>Uluslararas\u0131 Ticaret<\/li>\n<\/ul>\n<\/li>\n\n\n\n<li><strong>Hochschule Bonn-Rhein-Sieg<\/strong>\n<ul class=\"wp-block-list\">\n<li>Medya Tasar\u0131m\u0131<\/li>\n\n\n\n<li>Uluslararas\u0131 Pazarlama<\/li>\n\n\n\n<li>Robotik<\/li>\n<\/ul>\n<\/li>\n<\/ol>\n\n\n\n<h3 class=\"wp-block-heading\"><strong>Pop\u00fcler Fachhochschuleler ve En \u00c7ok Tercih Edilen B\u00f6l\u00fcmleri<\/strong><\/h3>\n\n\n\n<ol class=\"wp-block-list\">\n<li><strong>Fachhochschule K\u00f6ln (TH K\u00f6ln)<\/strong>\n<ul class=\"wp-block-list\">\n<li>Mimarl\u0131k<\/li>\n\n\n\n<li>Medya Teknolojisi<\/li>\n\n\n\n<li>\u0130\u015fletme<\/li>\n<\/ul>\n<\/li>\n\n\n\n<li><strong>Fachhochschule Dortmund<\/strong>\n<ul class=\"wp-block-list\">\n<li>Bilgi Sistemleri<\/li>\n\n\n\n<li>Grafik Tasar\u0131m<\/li>\n\n\n\n<li>Elektronik M\u00fchendisli\u011fi<\/li>\n<\/ul>\n<\/li>\n\n\n\n<li><strong>Fachhochschule Frankfurt am Main<\/strong>\n<ul class=\"wp-block-list\">\n<li>Sosyal Hizmetler<\/li>\n\n\n\n<li>Finans ve Bankac\u0131l\u0131k<\/li>\n\n\n\n<li>Bilgi Teknolojileri Y\u00f6netimi<\/li>\n<\/ul>\n<\/li>\n\n\n\n<li><strong>Fachhochschule M\u00fcnster<\/strong>\n<ul class=\"wp-block-list\">\n<li>Tar\u0131m Bilimleri<\/li>\n\n\n\n<li>Enerji Sistemleri M\u00fchendisli\u011fi<\/li>\n\n\n\n<li>G\u00f6rsel \u0130leti\u015fim Tasar\u0131m\u0131<\/li>\n<\/ul>\n<\/li>\n\n\n\n<li><strong>Fachhochschule L\u00fcbeck<\/strong>\n<ul class=\"wp-block-list\">\n<li>Yap\u0131 M\u00fchendisli\u011fi<\/li>\n\n\n\n<li>Mekanik M\u00fchendislik<\/li>\n\n\n\n<li>T\u0131bbi Teknolojiler<\/li>\n<\/ul>\n<\/li>\n<\/ol>\n\n\n\n<hr class=\"wp-block-separator has-alpha-channel-opacity\" \/>\n\n\n\n<p style=\"border-style:none;border-width:0px\">E\u011fer siz de uygulamal\u0131 ve mesleki odakl\u0131 bir e\u011fitim almak istiyorsan\u0131z, Hochschule veya Fachhochschule se\u00e7ene\u011fini de\u011ferlendirmeyi unutmay\u0131n! Almanya\u2019da e\u011fitim hayalinizi ger\u00e7ekle\u015ftirmek i\u00e7in bize ula\u015f\u0131n ve bu s\u00fcreci kolayca atlatman\u0131za yard\u0131mc\u0131 olal\u0131m. Siz hayal edin, biz ger\u00e7e\u011fe d\u00f6n\u00fc\u015ft\u00fcrelim! Uzman e\u011fitim dan\u0131\u015fmanlar\u0131m\u0131zdan <strong><a href=\"https:\/\/bit.ly\/3WwHMJt\" data-type=\"link\" data-id=\"https:\/\/bit.ly\/3WwHMJt\">\u00fccretsiz Randevu Almak i\u00e7in T\u0131klay\u0131n!<\/a><\/strong>\u00a0<\/p>\n\n\n\n<p><\/p>\n","protected":false},"excerpt":{"rendered":"<p>Almanya, d\u00fcnya \u00e7ap\u0131nda kaliteli ve yenilik\u00e7i e\u011fitim sistemiyle bilinir. \u00d6zellikle Hochschule ve Fachhochschule ad\u0131 verilen uygulamal\u0131 e\u011fitim kurumlar\u0131, Almanya\u2019n\u0131n teknik ve mesleki e\u011fitime verdi\u011fi \u00f6nemi ortaya koyar. Peki, bu iki kurum nedir, hangi avantajlara sahiptir ve mezunlar\u0131 hangi kariyer yollar\u0131nda ilerleyebilir? Gelin birlikte inceleyelim!<\/p>\n","protected":false},"author":2,"featured_media":0,"comment_status":"open","ping_status":"open","sticky":false,"template":"","format":"standard","meta":{"footnotes":""},"categories":[6,4],"tags":[25,8,10,40,39,41,42],"class_list":["post-221","post","type-post","status-publish","format-standard","hentry","category-egitim","category-universiteler","tag-almanyada-ogrenci-olmak","tag-almanyada-egitim","tag-almayada-universite","tag-fachhochschule","tag-hochschule","tag-kariyer","tag-staj"],"_links":{"self":[{"href":"https:\/\/unideyim.com\/blog\/index.php?rest_route=\/wp\/v2\/posts\/221","targetHints":{"allow":["GET"]}}],"collection":[{"href":"https:\/\/unideyim.com\/blog\/index.php?rest_route=\/wp\/v2\/posts"}],"about":[{"href":"https:\/\/unideyim.com\/blog\/index.php?rest_route=\/wp\/v2\/types\/post"}],"author":[{"embeddable":true,"href":"https:\/\/unideyim.com\/blog\/index.php?rest_route=\/wp\/v2\/users\/2"}],"replies":[{"embeddable":true,"href":"https:\/\/unideyim.com\/blog\/index.php?rest_route=%2Fwp%2Fv2%2Fcomments&post=221"}],"version-history":[{"count":5,"href":"https:\/\/unideyim.com\/blog\/index.php?rest_route=\/wp\/v2\/posts\/221\/revisions"}],"predecessor-version":[{"id":232,"href":"https:\/\/unideyim.com\/blog\/index.php?rest_route=\/wp\/v2\/posts\/221\/revisions\/232"}],"wp:attachment":[{"href":"https:\/\/unideyim.com\/blog\/index.php?rest_route=%2Fwp%2Fv2%2Fmedia&parent=221"}],"wp:term":[{"taxonomy":"category","embeddable":true,"href":"https:\/\/unideyim.com\/blog\/index.php?rest_route=%2Fwp%2Fv2%2Fcategories&post=221"},{"taxonomy":"post_tag","embeddable":true,"href":"https:\/\/unideyim.com\/blog\/index.php?rest_route=%2Fwp%2Fv2%2Ftags&post=221"}],"curies":[{"name":"wp","href":"https:\/\/api.w.org\/{rel}","templated":true}]}}