{"id":246,"date":"2025-01-23T08:24:34","date_gmt":"2025-01-23T08:24:34","guid":{"rendered":"https:\/\/unideyim.com\/blog\/?p=246"},"modified":"2025-01-23T08:24:35","modified_gmt":"2025-01-23T08:24:35","slug":"almanya-guvenli-bir-ulke-mi","status":"publish","type":"post","link":"https:\/\/unideyim.com\/blog\/?p=246","title":{"rendered":"Almanya G\u00fcvenli Bir \u00dclke mi?"},"content":{"rendered":"\n<p>Almanya, g\u00fc\u00e7l\u00fc bir hukuk sistemi, d\u00fc\u015f\u00fck su\u00e7 oranlar\u0131 ve toplumsal d\u00fczeniyle g\u00fcvenli bir ya\u015fam sunan \u00fclkelerden biridir. D\u00fcnya \u00e7ap\u0131nda sayg\u0131n bir konuma sahip olan Almanya, hem vatanda\u015flar\u0131 hem de burada ya\u015fayan yabanc\u0131lar i\u00e7in g\u00fcvenli ve huzurlu bir ortam sa\u011flamaktad\u0131r. Bu nedenle, Almanya\u2019da ya\u015famay\u0131 veya e\u011fitim almay\u0131 d\u00fc\u015f\u00fcnenler i\u00e7in g\u00fcvenlik \u00f6nemli bir avantaj olarak \u00f6ne \u00e7\u0131kmaktad\u0131r.<\/p>\n\n\n\n<figure class=\"wp-block-image alignleft size-large is-resized\"><img loading=\"lazy\" decoding=\"async\" width=\"1024\" height=\"576\" src=\"https:\/\/unideyim.com\/blog\/wp-content\/uploads\/2025\/01\/image-7-1024x576.png\" alt=\"\" class=\"wp-image-250\" style=\"width:418px;height:auto\" srcset=\"https:\/\/unideyim.com\/blog\/wp-content\/uploads\/2025\/01\/image-7-1024x576.png 1024w, https:\/\/unideyim.com\/blog\/wp-content\/uploads\/2025\/01\/image-7-300x169.png 300w, https:\/\/unideyim.com\/blog\/wp-content\/uploads\/2025\/01\/image-7-768x432.png 768w, https:\/\/unideyim.com\/blog\/wp-content\/uploads\/2025\/01\/image-7-1536x864.png 1536w, https:\/\/unideyim.com\/blog\/wp-content\/uploads\/2025\/01\/image-7.png 1920w\" sizes=\"auto, (max-width: 1024px) 100vw, 1024px\" \/><\/figure>\n\n\n\n<p><strong>Hukukun \u00dcst\u00fcnl\u00fc\u011f\u00fc ve Bireysel Haklar<\/strong><\/p>\n\n\n\n<p>Almanya\u2019da hukuk sistemi, bireylerin haklar\u0131n\u0131 koruma konusunda olduk\u00e7a etkilidir. Almanya Anayasas\u0131, insan haklar\u0131na b\u00fcy\u00fck \u00f6nem verir ve herkese e\u015fit muamele yap\u0131lmas\u0131n\u0131 garanti eder. Temel haklar, gerek g\u00fcnl\u00fck ya\u015famda gerekse kamu kurumlar\u0131nda s\u0131k\u0131 bir \u015fekilde korunur. Ayr\u0131mc\u0131l\u0131kla m\u00fccadeleye y\u00f6nelik yasal d\u00fczenlemeler, toplumda huzurun sa\u011flanmas\u0131na \u00f6nemli katk\u0131lar sunmaktad\u0131r.<\/p>\n\n\n\n<p><strong>D\u00fc\u015f\u00fck Su\u00e7 Oranlar\u0131<\/strong><\/p>\n\n\n\n<p>Almanya, Avrupa\u2019n\u0131n en d\u00fc\u015f\u00fck su\u00e7 oranlar\u0131na sahip \u00fclkelerinden biridir. Federal Su\u00e7 Dairesi\u2019nin (BKA) 2022 y\u0131l\u0131 raporuna g\u00f6re, \u00fclkede su\u00e7 oranlar\u0131 \u00f6nceki y\u0131llara g\u00f6re azalma e\u011filimindedir. \u015eiddet i\u00e7eren su\u00e7lar nadir g\u00f6r\u00fcl\u00fcrken, en yayg\u0131n su\u00e7 t\u00fcrleri k\u00fc\u00e7\u00fck \u00e7apl\u0131 h\u0131rs\u0131zl\u0131k ve doland\u0131r\u0131c\u0131l\u0131kla s\u0131n\u0131rl\u0131d\u0131r. \u00d6zellikle k\u0131rsal b\u00f6lgelerde su\u00e7 oranlar\u0131 neredeyse yok denecek kadar d\u00fc\u015f\u00fckt\u00fcr.<\/p>\n\n\n\n<p><strong>Toplumsal D\u00fczen ve Ho\u015fg\u00f6r\u00fc<\/strong><\/p>\n\n\n\n<p>Alman toplumu, d\u00fczenli ve ho\u015fg\u00f6r\u00fcl\u00fc yap\u0131s\u0131yla tan\u0131n\u0131r. Farkl\u0131 k\u00fclt\u00fcrlerden insanlara ev sahipli\u011fi yapan Almanya\u2019da, toplumsal uyum ve birlikte ya\u015fam k\u00fclt\u00fcr\u00fc g\u00fc\u00e7l\u00fcd\u00fcr. H\u00fck\u00fcmet, toplumu bir arada tutmak ve sosyal bar\u0131\u015f\u0131 korumak i\u00e7in \u00e7e\u015fitli entegrasyon programlar\u0131 uygulamaktad\u0131r. Yabanc\u0131lar\u0131n b\u00fcy\u00fck bir k\u0131sm\u0131 Almanya\u2019da kendilerini g\u00fcvende ve kabul g\u00f6rm\u00fc\u015f hissetmektedir.<\/p>\n\n\n\n<p><strong>Kad\u0131n ve \u00c7ocuk G\u00fcvenli\u011fi<\/strong><\/p>\n\n\n\n<p>Almanya, kad\u0131nlar ve \u00e7ocuklar i\u00e7in son derece g\u00fcvenli bir \u00fclkedir. Toplu ta\u015f\u0131ma ara\u00e7lar\u0131, sokaklar ve kamu alanlar\u0131 genel olarak g\u00fcvenlidir. Kad\u0131nlar\u0131n %80\u2019inden fazlas\u0131 gece saatlerinde bile kendilerini rahat ve g\u00fcvende hissettiklerini belirtmektedir. \u00c7ocuklar i\u00e7in ise g\u00fcvenli oyun alanlar\u0131, kaliteli e\u011fitim kurumlar\u0131 ve kapsaml\u0131 sosyal koruma sistemleri mevcuttur.<\/p>\n\n\n\n<figure class=\"wp-block-image alignright size-full is-resized\"><img loading=\"lazy\" decoding=\"async\" width=\"1010\" height=\"544\" src=\"https:\/\/unideyim.com\/blog\/wp-content\/uploads\/2025\/01\/image-5.png\" alt=\"\" class=\"wp-image-248\" style=\"width:430px;height:auto\" srcset=\"https:\/\/unideyim.com\/blog\/wp-content\/uploads\/2025\/01\/image-5.png 1010w, https:\/\/unideyim.com\/blog\/wp-content\/uploads\/2025\/01\/image-5-300x162.png 300w, https:\/\/unideyim.com\/blog\/wp-content\/uploads\/2025\/01\/image-5-768x414.png 768w\" sizes=\"auto, (max-width: 1010px) 100vw, 1010px\" \/><\/figure>\n\n\n\n<p><strong>Polis ve Kamu G\u00fcvenli\u011fi<\/strong><\/p>\n\n\n\n<p>Almanya\u2019da polis te\u015fkilat\u0131, kamu g\u00fcvenli\u011fini sa\u011flama konusunda etkin ve profesyoneldir. Polisin h\u0131zl\u0131 m\u00fcdahale kapasitesi ve toplum odakl\u0131 \u00e7al\u0131\u015fmalar\u0131, g\u00fcvenlik hissini art\u0131rmaktad\u0131r. Yap\u0131lan anketlerde, Alman halk\u0131n\u0131n yakla\u015f\u0131k %80\u2019i polise duydu\u011fu g\u00fcveni ifade etmektedir. Ayr\u0131ca, polis memurlar\u0131 insan haklar\u0131na sayg\u0131l\u0131 bir \u015fekilde g\u00f6rev yapar ve toplumsal huzurun korunmas\u0131na \u00f6nemli katk\u0131lar sa\u011flar.<\/p>\n\n\n\n<p><strong>Irk\u00e7\u0131l\u0131kla M\u00fccadele ve Toplumsal Bar\u0131\u015f<\/strong><\/p>\n\n\n\n<p>Her toplumda oldu\u011fu gibi, Almanya\u2019da da zaman zaman \u0131rk\u00e7\u0131l\u0131k ve ayr\u0131mc\u0131l\u0131k vakalar\u0131 ya\u015fanabilmektedir. Ancak, bu durumlar genellikle m\u00fcnferit olaylarla s\u0131n\u0131rl\u0131d\u0131r ve devlet bu t\u00fcr olaylara kar\u015f\u0131 s\u0131f\u0131r tolerans politikas\u0131 uygulamaktad\u0131r. Ayr\u0131mc\u0131l\u0131kla m\u00fccadele eden bir\u00e7ok sivil toplum kurulu\u015fu ve devlet destekli program, toplumsal bar\u0131\u015f\u0131n g\u00fc\u00e7lenmesine katk\u0131da bulunmaktad\u0131r.<\/p>\n\n\n\n<hr class=\"wp-block-separator has-alpha-channel-opacity\" \/>\n\n\n\n<p>Almanya, g\u00fcvenli ve huzurlu bir ya\u015fam s\u00fcrmek isteyenler i\u00e7in ideal bir \u00fclkedir. Hukukun \u00fcst\u00fcnl\u00fc\u011f\u00fc, d\u00fc\u015f\u00fck su\u00e7 oranlar\u0131, etkili kamu g\u00fcvenli\u011fi ve toplumsal ho\u015fg\u00f6r\u00fc, Almanya\u2019y\u0131 hem yerel halk hem de yabanc\u0131lar i\u00e7in cazip bir hale getirmektedir. Kad\u0131n ve \u00e7ocuklar\u0131n g\u00fcvenli\u011finin \u00f6n planda tutuldu\u011fu, toplumsal bar\u0131\u015f\u0131n ve d\u00fczenin sa\u011fland\u0131\u011f\u0131 bu \u00fclke, yaln\u0131zca ekonomik ve k\u00fclt\u00fcrel zenginlikleriyle de\u011fil, ayn\u0131 zamanda sundu\u011fu g\u00fcvenli ortamlarla da \u00f6ne \u00e7\u0131kmaktad\u0131r. Almanya\u2019da ya\u015famak, yaln\u0131zca profesyonel ve akademik f\u0131rsatlar sunmakla kalmaz, ayn\u0131 zamanda bireylerin kendilerini g\u00fcvende hissedecekleri bir ortam sa\u011flar.<\/p>\n\n\n\n<p>Almanya, g\u00fcvenli bir ortamda kariyer yapmak, e\u011fitim almak veya yeni bir ya\u015fam kurmak isteyenler i\u00e7in ideal bir se\u00e7enek olmaya devam etmektedir. Almanya\u2019da e\u011fitim hayalinizi ger\u00e7ekle\u015ftirmek i\u00e7in bize ula\u015f\u0131n ve bu s\u00fcreci kolayca atlatman\u0131za yard\u0131mc\u0131 olal\u0131m. Siz hayal edin, biz ger\u00e7e\u011fe d\u00f6n\u00fc\u015ft\u00fcrelim! Uzman e\u011fitim dan\u0131\u015fmanlar\u0131m\u0131zdan <a href=\"https:\/\/calendly.com\/d\/cngm-hy5-qkb\/almanya-hedefinize-uzman-ekibimizle-ilk-adimi-atin?fbclid=PAZXh0bgNhZW0CMTEAAabSW3QnA1l4jnHXClAndRzJDS37WcfRHluplYgaNaF5KVpZjkKzZVOEN0U_aem_xnHWI1dCN0liGHXd2eYZXw&amp;month=2025-01\"><strong>\u00fccretsiz Randevu Almak i\u00e7in T\u0131klay\u0131n!<\/strong><\/a><\/p>\n\n\n\n<p><\/p>\n","protected":false},"excerpt":{"rendered":"<p>Almanya ger\u00e7ekten g\u00fcvenli bir \u00fclke mi? D\u00fc\u015f\u00fck su\u00e7 oranlar\u0131ndan etkili kamu g\u00fcvenli\u011fine, toplumsal d\u00fczeninden birey haklar\u0131na kadar Almanya\u2019n\u0131n neden g\u00fcvenli bir ya\u015fam i\u00e7in ideal bir yer oldu\u011funu, gel birlikte inceleyelim!<\/p>\n","protected":false},"author":2,"featured_media":0,"comment_status":"open","ping_status":"open","sticky":false,"template":"","format":"standard","meta":{"footnotes":""},"categories":[7],"tags":[45,43,46,44],"class_list":["post-246","post","type-post","status-publish","format-standard","hentry","category-gezi","tag-guvenlik","tag-haklar","tag-hosgoru","tag-irkcilikla-mucadele"],"_links":{"self":[{"href":"https:\/\/unideyim.com\/blog\/index.php?rest_route=\/wp\/v2\/posts\/246","targetHints":{"allow":["GET"]}}],"collection":[{"href":"https:\/\/unideyim.com\/blog\/index.php?rest_route=\/wp\/v2\/posts"}],"about":[{"href":"https:\/\/unideyim.com\/blog\/index.php?rest_route=\/wp\/v2\/types\/post"}],"author":[{"embeddable":true,"href":"https:\/\/unideyim.com\/blog\/index.php?rest_route=\/wp\/v2\/users\/2"}],"replies":[{"embeddable":true,"href":"https:\/\/unideyim.com\/blog\/index.php?rest_route=%2Fwp%2Fv2%2Fcomments&post=246"}],"version-history":[{"count":1,"href":"https:\/\/unideyim.com\/blog\/index.php?rest_route=\/wp\/v2\/posts\/246\/revisions"}],"predecessor-version":[{"id":251,"href":"https:\/\/unideyim.com\/blog\/index.php?rest_route=\/wp\/v2\/posts\/246\/revisions\/251"}],"wp:attachment":[{"href":"https:\/\/unideyim.com\/blog\/index.php?rest_route=%2Fwp%2Fv2%2Fmedia&parent=246"}],"wp:term":[{"taxonomy":"category","embeddable":true,"href":"https:\/\/unideyim.com\/blog\/index.php?rest_route=%2Fwp%2Fv2%2Fcategories&post=246"},{"taxonomy":"post_tag","embeddable":true,"href":"https:\/\/unideyim.com\/blog\/index.php?rest_route=%2Fwp%2Fv2%2Ftags&post=246"}],"curies":[{"name":"wp","href":"https:\/\/api.w.org\/{rel}","templated":true}]}}