{"id":260,"date":"2025-02-09T12:22:57","date_gmt":"2025-02-09T12:22:57","guid":{"rendered":"https:\/\/unideyim.com\/blog\/?p=260"},"modified":"2025-02-09T12:23:36","modified_gmt":"2025-02-09T12:23:36","slug":"almanyada-gorulmesi-gereken-12-buyuleyici-yer","status":"publish","type":"post","link":"https:\/\/unideyim.com\/blog\/?p=260","title":{"rendered":"Almanya\u2019da G\u00f6r\u00fclmesi Gereken 12 B\u00fcy\u00fcleyici Yer"},"content":{"rendered":"\n<p>Almanya, 20. y\u00fczy\u0131lda iki b\u00fcy\u00fck sava\u015f\u0131n yaralar\u0131n\u0131 saran ve k\u00fclt\u00fcrel bir uyan\u0131\u015fa giren bir \u00fclke olarak \u00f6ne \u00e7\u0131k\u0131yor. Tarihi olaylara ev sahipli\u011fi yapm\u0131\u015f bu \u00fclke, her k\u00f6\u015fesiyle k\u00fclt\u00fcr ve sanat\u0131n izlerini ta\u015f\u0131yor. Almanya\u2019n\u0131n \u00fcnl\u00fc \u00fcniversiteleri ve zengin k\u00fclt\u00fcrel miras\u0131, T\u00fcrkiye\u2019den gen\u00e7lerin e\u011fitimdeki ilk tercihleri aras\u0131nda yer al\u0131yor. Almanya&#8217;y\u0131 ziyaret etmek i\u00e7in motive edici ve gezi rehberiniz olacak bu yaz\u0131da, ke\u015ffetmeniz gereken en ilgin\u00e7 yerleri sizler i\u00e7in derledik!<\/p>\n\n\n\n<p><strong>1- M\u00fcnih: Oktoberfest ve Daha Fazlas\u0131<\/strong><\/p>\n\n\n\n<p>M\u00fcnih, Almanya\u2019n\u0131n k\u00fclt\u00fcrel kalbi olarak tan\u0131mlanabilir. \u00d6zellikle her y\u0131l Eyl\u00fcl\u2019\u00fcn son g\u00fcnlerinde ba\u015flayan ve 16 g\u00fcn s\u00fcren Oktoberfest festivaliyle \u00fcnl\u00fcd\u00fcr. Bu festivalde, Bavyera\u2019n\u0131n lezzetli yemeklerini ve m\u00fckemmel biralar\u0131n\u0131 tatma f\u0131rsat\u0131 bulabilirsiniz. Festivalin a\u00e7\u0131l\u0131\u015f\u0131nda belediye ba\u015fkan\u0131n\u0131n bira f\u0131\u00e7\u0131s\u0131na muslu\u011fu \u00e7akmas\u0131 ve \u201cF\u0131\u00e7\u0131 a\u00e7\u0131ld\u0131\u201d demesi b\u00fcy\u00fck bir gelenektir. M\u00fcnih\u2019te ayr\u0131ca d\u00fcnyan\u0131n en b\u00fcy\u00fck bilim ve teknoloji m\u00fczesi Deutsches Museum, Kunstareal\u2019deki sanat m\u00fczesi Alte Pinakothek, al\u0131\u015fveri\u015f i\u00e7in \u00fcnl\u00fc Maximilian Caddesi, hareketli Marienplatz ve 1972 Olimpiyatlar\u0131 i\u00e7in in\u015fa edilen Olympiapark\u2019\u0131 gezmeyi unutmay\u0131n!<\/p>\n\n\n\n<figure class=\"wp-block-image alignright is-resized\"><img decoding=\"async\" src=\"https:\/\/lh7-rt.googleusercontent.com\/docsz\/AD_4nXcbrQZaSirDTlYSDwSvqmmhFqqPRZ3bPKiRqbHDcqAbwxW0NiRk4RyEFJChGpYvUUpucDSEO7PYiqC4gIFmzCioanvR4kjaBYgwMYoNz3vZMf2Q8oKp4g9fAtbzNwsC7nZNg7xb?key=dPqRYusJk35z0arYAolxwpmL\" alt=\"\" style=\"aspect-ratio:1;object-fit:cover;width:272px;height:auto\" \/><\/figure>\n\n\n\n<p><strong>2- Romantik Heidelberg<\/strong><\/p>\n\n\n\n<p>Sanayi kenti Almanya&#8217;da romantizm mi? Evet, Heidelberg tam anlam\u0131yla bir romantizm merkezi! Baden-W\u00fcrttemberg eyaletinde yer alan bu \u015fehir, Almanya\u2019n\u0131n en b\u00fcy\u00fck \u00fcniversitesine ev sahipli\u011fi yaparken, Goethe, Mark Twain ve William Turner gibi \u00fcnl\u00fc sanat\u00e7\u0131lara ilham kayna\u011f\u0131 olmu\u015ftur. Romantik Yol g\u00fczergah\u0131ndaki bu \u015fehir, arkada\u015flar\u0131n\u0131zla hafta sonu gezileri i\u00e7in m\u00fckemmel bir se\u00e7enek sunar.<\/p>\n\n\n\n<figure class=\"wp-block-image alignleft is-resized\"><img decoding=\"async\" src=\"https:\/\/lh7-rt.googleusercontent.com\/docsz\/AD_4nXfHJtKf_2jlqcryOmHvVEJrrm7OpeRNK5lWxUUI7d_JSZ2_GRHm5-LHWWfaynILoR1MqU40_91qwb7Sh0WCe7fCANttsahbRLlUoxaCQ406FJuLDzt5gxaVrcK1ef4jix0S2s0DUA?key=dPqRYusJk35z0arYAolxwpmL\" alt=\"\" style=\"aspect-ratio:1.3333333333333333;object-fit:cover;width:346px;height:auto\" \/><\/figure>\n\n\n\n<p><strong>3- Stuttgart: Otomobilin Kalbi<\/strong><\/p>\n\n\n\n<p>Otomobil end\u00fcstrisinin merkezi olan Stuttgart, \u00f6zellikle Mercedes-Benz ve Porsche m\u00fczeleriyle \u00fcnl\u00fcd\u00fcr. Mercedes-Benz Museum\u2019un mimarisi ve tarihi, otomobil merakl\u0131lar\u0131 i\u00e7in g\u00f6z al\u0131c\u0131 bir deneyim sunar. Ayr\u0131ca, 2009 y\u0131l\u0131nda a\u00e7\u0131lan Porsche Museum da ilginizi \u00e7ekebilir. Stuttgart\u2019ta otomobil tarihi konusunda bir g\u00fcn ge\u00e7irmeyi planlayabilirsiniz.<\/p>\n\n\n\n<p>Mercedes-Benz Museum sanal turu i\u00e7in: Mercedes-Benz Classic <a href=\"https:\/\/www.mercedes-benz.com\/en\/mercedes-benz\/classic\/classic-overview\/\">https:\/\/www.mercedes-benz.com\/en\/mercedes-benz\/classic\/classic-overview\/<\/a><\/p>\n\n\n\n<figure class=\"wp-block-image alignright is-resized\"><img decoding=\"async\" src=\"https:\/\/lh7-rt.googleusercontent.com\/docsz\/AD_4nXcSn5dz0h5nrbvIJEj76WjUrBBYKzQbi9DSR2ZJTdxdefDcpWInZ_Z5EGjvEJN5RzOo-27wMgwesDqTR_i1FrXa2n8xIeSEFGyE96y2eA8j624GW9bSa701XbMlhqLGdIcwosx0?key=dPqRYusJk35z0arYAolxwpmL\" alt=\"\" style=\"aspect-ratio:1.3333333333333333;object-fit:cover;width:358px;height:auto\" \/><\/figure>\n\n\n\n<p><strong>4- Futbol Mabedi: Allianz Arena<\/strong><\/p>\n\n\n\n<p>Futbol, Almanya\u2019n\u0131n k\u00fclt\u00fcr\u00fcn\u00fcn ayr\u0131lmaz bir par\u00e7as\u0131d\u0131r ve M\u00fcnih\u2019teki Allianz Arena, bu tutkunun bir sembol\u00fcd\u00fcr. Modern mimarisi ve teknolojik \u00f6zellikleriyle dikkat \u00e7eken stat, Bayern M\u00fcnih\u2019in ma\u00e7lar\u0131na ev sahipli\u011fi yapar. E\u011fer M\u00fcnih\u2019e gidiyorsan\u0131z, bu stadyumu ziyaret etmek ve bir ma\u00e7\u0131 izlemek size unutulmaz anlar ya\u015fatabilir.<\/p>\n\n\n\n<p><strong>5- Weimar: K\u00fclt\u00fcr ve Tarih \u015eehri<\/strong><\/p>\n\n\n\n<p>1999 y\u0131l\u0131nda Avrupa\u2019n\u0131n K\u00fclt\u00fcr \u015eehri olarak se\u00e7ilen Weimar, k\u00fct\u00fcphaneleri ve \u00fcniversiteleriyle \u00fcnl\u00fcd\u00fcr. \u015eehir, Friedrich Schiller ve Johann Wolfgang von Goethe\u2019nin eserlerine ev sahipli\u011fi yapm\u0131\u015ft\u0131r. Weimar\u2019a gitti\u011finizde Ginkgo M\u00fczesi ve Weimarhaus\u2019u ziyaret etmeyi unutmay\u0131n!<\/p>\n\n\n\n<figure class=\"wp-block-image alignleft is-resized\"><img decoding=\"async\" src=\"https:\/\/lh7-rt.googleusercontent.com\/docsz\/AD_4nXfSdIMnkkyFHZShZOwZZbsLV3fOEvcUuXKeEwtJiRPKs3KB1qlA7jVkPECyPszA3ZsK5DHaphYJ0PVuMIMwO-l7TWK4W3T-mWVXbptAZQ-6QzDVLIeGfZ1I0qUosm-02WpoEN3_Hw?key=dPqRYusJk35z0arYAolxwpmL\" alt=\"\" style=\"width:251px;height:auto\" \/><\/figure>\n\n\n\n<p><strong>6- Berliner Philharmoniker: Bir M\u00fczik Deneyimi<\/strong><\/p>\n\n\n\n<p>Berlin Filarmoni Binas\u0131, hem sahne hem de izleyiciler a\u00e7\u0131s\u0131ndan e\u015fsiz bir deneyim sunar. Modern mimarisi ve etkileyici akustik \u00f6zellikleriyle, burada bir konser izlemek m\u00fczikseverler i\u00e7in unutulmaz olacakt\u0131r.<\/p>\n\n\n\n<p><strong>7- Brandenburg Kap\u0131s\u0131: Tarihin Sembol\u00fc<\/strong><\/p>\n\n\n\n<p>Berlin\u2019in ana sembollerinden biri olan Brandenburg Kap\u0131s\u0131, Almanya\u2019n\u0131n tarihindeki \u00f6nemli d\u00f6n\u00fcm noktalar\u0131n\u0131 simgeler. 1700\u2019lerde bar\u0131\u015f an\u0131t\u0131 olarak in\u015fa edilen kap\u0131, So\u011fuk Sava\u015f d\u00f6neminde bir b\u00f6l\u00fcnme simgesi haline gelmi\u015ftir. Kap\u0131y\u0131 ziyaret ederken tarihini \u00f6\u011frenmek ve etkileyici ak\u015fam \u0131\u015f\u0131kland\u0131rmas\u0131n\u0131 g\u00f6rmek i\u00e7in ak\u015fam saatlerini tercih edebilirsiniz.<\/p>\n\n\n\n<p><strong>8- Berlin M\u00fczeler Adas\u0131: Bir M\u00fczeler Cenneti<\/strong><\/p>\n\n\n\n<p>M\u00fczeler Adas\u0131 (Museumsinsel), sanat ve tarih merakl\u0131lar\u0131 i\u00e7in bir cennettir. Alte Nationalgalerie, Pergamon M\u00fczesi ve Neues Museum gibi m\u00fczeler burada yer al\u0131r. Berlin\u2019deki Museum Pass bileti ile birden fazla m\u00fczeyi uygun fiyatla gezebilirsiniz. Bu b\u00f6lgede ge\u00e7irece\u011finiz \u00fc\u00e7 g\u00fcn boyunca foto\u011fraf makinenizin \u015farj\u0131n\u0131 kontrol etmeyi unutmay\u0131n!<\/p>\n\n\n\n<figure class=\"wp-block-image alignright is-resized\"><img decoding=\"async\" src=\"https:\/\/lh7-rt.googleusercontent.com\/docsz\/AD_4nXdiRSEy-gNrVgp-SMV6wwpuOwZhdWVoJ8dbvMPCGRDNZ7OlASGo-1xis1BXDH6uA21JpHR3RLsAUywzAXKDVW5gE8Q4T711aF-Yblwe8YNmdmi0y6WZseMDrgS0_4mg_d7XMptsFg?key=dPqRYusJk35z0arYAolxwpmL\" alt=\"\" style=\"width:366px;height:auto\" \/><\/figure>\n\n\n\n<p><strong>9-Zugspitze Da\u011f\u0131: Zirvede Manzaralar<\/strong><\/p>\n\n\n\n<p>Almanya\u2019n\u0131n en y\u00fcksek noktas\u0131 olan Zugspitze, 2.962 metre y\u00fcksekli\u011fiyle Bavyera Alpleri\u2019nde yer al\u0131r ve nefes kesen manzaralar sunar. Teleferik veya di\u015fli trenle kolayca ula\u015f\u0131labilen zirve, hem yaz hem de k\u0131\u015f aylar\u0131nda farkl\u0131 deneyimler vaat eder. K\u0131\u015f aylar\u0131nda kayak ve snowboard i\u00e7in pop\u00fcler olan b\u00f6lge, yaz aylar\u0131nda do\u011fa y\u00fcr\u00fcy\u00fc\u015fleri ve foto\u011fraf tutkunlar\u0131n\u0131 a\u011f\u0131rlar. Zirvede yer alan panoramik terasta Almanya, Avusturya ve \u0130svi\u00e7re\u2019nin Alplerine uzanan etkileyici bir manzara sizi bekler.<\/p>\n\n\n\n<p><strong>10- K\u00f6ln Katedrali: Gotik Mimari Harikas\u0131<\/strong><\/p>\n\n\n\n<p>K\u00f6ln Katedrali, tamamlanmas\u0131 tam 632 y\u0131l s\u00fcren bir yap\u0131! \u0130n\u015faat\u0131 1248\u2019de ba\u015flam\u0131\u015f, ancak bir t\u00fcrl\u00fc bitirilememi\u015f ve 1880\u2019de ancak tamamlanabilmi\u015f. Bu devasa gotik katedral, Avrupa\u2019n\u0131n en b\u00fcy\u00fck kiliselerinden biri olup, i\u00e7indeki 11 tonluk \u00e7an\u0131 ve muazzam vitraylar\u0131yla dikkat \u00e7ekiyor. K\u00f6ln Katedrali\u2019nin y\u00fcksekli\u011fi, kulelerinin bir k\u0131sm\u0131 asl\u0131nda neredeyse iki katl\u0131 binalardan daha uzun! Bu devasa yap\u0131y\u0131 g\u00f6rmek, tarihin derinliklerine yolculuk yapma hissi veriyor.<\/p>\n\n\n\n<figure class=\"wp-block-image alignleft is-resized\"><img decoding=\"async\" src=\"https:\/\/lh7-rt.googleusercontent.com\/docsz\/AD_4nXfxPHsxhs6UBcmjfqxZBH-fQSchL1c4HvGHinlMZruD6yFFFL3z3R65sCxWVW2S1EX3dO8kQ1beIExKKivS3wXSomgjSMjANY4cFPnKeDRYgvxLqZ6AqGREiblflwVysVpaC7pVcQ?key=dPqRYusJk35z0arYAolxwpmL\" alt=\"\" style=\"aspect-ratio:1.3333333333333333;object-fit:cover;width:294px;height:auto\" \/><\/figure>\n\n\n\n<p><strong>11-Hamburg Liman\u0131 ve Speicherstadt: Kuzeyin Cazibesi<\/strong><\/p>\n\n\n\n<p>&nbsp;Hamburg Liman\u0131, Almanya\u2019n\u0131n en b\u00fcy\u00fck liman\u0131 olarak, koca \u015fehirde denizle i\u00e7 i\u00e7e bir atmosfer yarat\u0131yor. Liman\u0131n hemen yan\u0131nda yer alan Speicherstadt, d\u00fcnyadaki en b\u00fcy\u00fck tu\u011fla depo kompleksi olup, tarihi dokusu ve kanallarla \u00e7evrili yap\u0131lar\u0131yla etkileyici bir g\u00f6r\u00fcnt\u00fc sunuyor. Bu b\u00f6lge, hem eski ticaret ge\u00e7mi\u015fini yans\u0131t\u0131rken hem de modern kafe ve galerileriyle gen\u00e7lerin ilgisini \u00e7ekiyor. E\u011fer Hamburg\u2019daysan, bu ikiliyi g\u00f6rmek, \u015fehri farkl\u0131 bir g\u00f6zle ke\u015ffetmek i\u00e7in ka\u00e7\u0131r\u0131lmayacak bir f\u0131rsat!<\/p>\n\n\n\n<p><strong>12- Leipzig: Sanat ve M\u00fczik \u015eehri<\/strong><\/p>\n\n\n\n<p>Leipzig, gen\u00e7lerin ilgisini \u00e7ekecek bir sanat ve m\u00fczik merkezidir. \u015eehirdeki sokak sanatlar\u0131, galeriler ve m\u00fczik festivalleri, ziyaret\u00e7ilere enerjik bir atmosfer sunar. M\u00fczik tutkunuysan\u0131z, Bach\u2019\u0131n evini ziyaret etmeden Leipzig\u2019den ayr\u0131lmay\u0131n.<\/p>\n\n\n\n<p>Almanya, tarihi ve k\u00fclt\u00fcrel zenginlikleriyle b\u00fcy\u00fcleyici bir \u00fclke. Bu harika co\u011frafyay\u0131 ke\u015ffetmek, yeni ufuklar a\u00e7an e\u011fitim f\u0131rsatlar\u0131n\u0131 de\u011ferlendirmek ve ilham verici deneyimlerle dolu bir yolculu\u011fa \u00e7\u0131kmak i\u00e7in harika bir ad\u0131m atabilirsiniz! Almanya\u2019da e\u011fitim hayalinizi ger\u00e7ekle\u015ftirmek i\u00e7in bize ula\u015f\u0131n ve bu s\u00fcreci kolayca atlatman\u0131za yard\u0131mc\u0131 olal\u0131m. Siz hayal edin, biz ger\u00e7e\u011fe d\u00f6n\u00fc\u015ft\u00fcrelim! Uzman e\u011fitim dan\u0131\u015fmanlar\u0131m\u0131zdan<strong>&nbsp;<a href=\"https:\/\/calendly.com\/d\/cngm-hy5-qkb\/almanya-hedefinize-uzman-ekibimizle-ilk-adimi-atin?fbclid=PAZXh0bgNhZW0CMTEAAabSW3QnA1l4jnHXClAndRzJDS37WcfRHluplYgaNaF5KVpZjkKzZVOEN0U_aem_xnHWI1dCN0liGHXd2eYZXw&amp;month=2025-01\">\u00dccretsiz Randevu Almak i\u00e7in T\u0131klay\u0131n!&nbsp;<\/a><\/strong><\/p>\n\n\n\n<p><\/p>\n","protected":false},"excerpt":{"rendered":"<p>Almanya, 20. y\u00fczy\u0131lda iki b\u00fcy\u00fck sava\u015f\u0131n yaralar\u0131n\u0131 saran ve k\u00fclt\u00fcrel bir uyan\u0131\u015fa giren bir \u00fclke olarak \u00f6ne \u00e7\u0131k\u0131yor. Almanya&#8217;y\u0131 ziyaret etmek i\u00e7in motive edici ve gezi rehberiniz olacak bu yaz\u0131m\u0131zda, gelin Almanya&#8217;y\u0131 birlikte ke\u015ffedelim!<\/p>\n","protected":false},"author":2,"featured_media":0,"comment_status":"open","ping_status":"open","sticky":false,"template":"","format":"standard","meta":{"footnotes":""},"categories":[7,5],"tags":[53,16,26,27,31,50,55,56,52,49,51,54],"class_list":["post-260","post","type-post","status-publish","format-standard","hentry","category-gezi","category-sehirler","tag-allianz-arena","tag-berlin","tag-eglence","tag-gezi","tag-hamburg","tag-heidelberg","tag-koln","tag-leipzig","tag-mercedes-benz-museum","tag-oktoberfest","tag-stuttgart","tag-weimar"],"_links":{"self":[{"href":"https:\/\/unideyim.com\/blog\/index.php?rest_route=\/wp\/v2\/posts\/260","targetHints":{"allow":["GET"]}}],"collection":[{"href":"https:\/\/unideyim.com\/blog\/index.php?rest_route=\/wp\/v2\/posts"}],"about":[{"href":"https:\/\/unideyim.com\/blog\/index.php?rest_route=\/wp\/v2\/types\/post"}],"author":[{"embeddable":true,"href":"https:\/\/unideyim.com\/blog\/index.php?rest_route=\/wp\/v2\/users\/2"}],"replies":[{"embeddable":true,"href":"https:\/\/unideyim.com\/blog\/index.php?rest_route=%2Fwp%2Fv2%2Fcomments&post=260"}],"version-history":[{"count":2,"href":"https:\/\/unideyim.com\/blog\/index.php?rest_route=\/wp\/v2\/posts\/260\/revisions"}],"predecessor-version":[{"id":262,"href":"https:\/\/unideyim.com\/blog\/index.php?rest_route=\/wp\/v2\/posts\/260\/revisions\/262"}],"wp:attachment":[{"href":"https:\/\/unideyim.com\/blog\/index.php?rest_route=%2Fwp%2Fv2%2Fmedia&parent=260"}],"wp:term":[{"taxonomy":"category","embeddable":true,"href":"https:\/\/unideyim.com\/blog\/index.php?rest_route=%2Fwp%2Fv2%2Fcategories&post=260"},{"taxonomy":"post_tag","embeddable":true,"href":"https:\/\/unideyim.com\/blog\/index.php?rest_route=%2Fwp%2Fv2%2Ftags&post=260"}],"curies":[{"name":"wp","href":"https:\/\/api.w.org\/{rel}","templated":true}]}}