{"id":282,"date":"2025-03-14T11:00:00","date_gmt":"2025-03-14T11:00:00","guid":{"rendered":"https:\/\/unideyim.com\/blog\/?p=282"},"modified":"2025-03-08T12:47:40","modified_gmt":"2025-03-08T12:47:40","slug":"almanyada-konaklama-secenekleri-hangi-secenek-size-daha-uygun","status":"publish","type":"post","link":"https:\/\/unideyim.com\/blog\/?p=282","title":{"rendered":"Almanya&#8217;da Konaklama Se\u00e7enekleri: Hangi Se\u00e7enek Size Daha Uygun?"},"content":{"rendered":"\n<figure class=\"wp-block-image alignleft is-resized\"><img decoding=\"async\" src=\"https:\/\/lh7-rt.googleusercontent.com\/docsz\/AD_4nXe1f1Shju-nLJ6tFuNLzxaJdBydvDdVk4AvHoc5e6czJJ-cYxVd6rwmXBg1J1qX8jNKCl532efCeKOa3XKQXvPYOWnnR02O_LG5zKHxSVoiu1QhEO-a779_eIaVgj1SS11t5Zrqmw?key=c4oknKplD3Bj1Z77x3BRLSP-\" alt=\"\" style=\"width:298px;height:auto\" \/><\/figure>\n\n\n\n<p>Almanya\u2019da e\u011fitim almay\u0131 planlayan \u00f6\u011frenciler i\u00e7in konaklama, en \u00f6nemli konular\u0131n ba\u015f\u0131nda gelir. Do\u011fru konaklama se\u00e7imi, akademik ba\u015far\u0131n\u0131z\u0131 ve genel ya\u015fam kalitenizi do\u011frudan etkileyebilir. Almanya\u2019da \u00f6\u011frenciler i\u00e7in farkl\u0131 b\u00fct\u00e7e ve ya\u015fam tarzlar\u0131na uygun \u00e7e\u015fitli konaklama se\u00e7enekleri mevcuttur. Bu yaz\u0131da, \u00f6\u011frenci yurtlar\u0131ndan \u00f6zel daire kiralamaya kadar t\u00fcm alternatifleri avantajlar\u0131 ve dezavantajlar\u0131yla birlikte inceleyece\u011fiz.<\/p>\n\n\n\n<p><\/p>\n\n\n\n<hr class=\"wp-block-separator has-alpha-channel-opacity\" \/>\n\n\n\n<h2 class=\"wp-block-heading\"><strong>1. \u00d6\u011frenci Yurtlar\u0131 (Studentenwohnheim)<\/strong><\/h2>\n\n\n\n<p>\u00d6\u011frenci yurtlar\u0131 genellikle devlet taraf\u0131ndan desteklenen konaklama se\u00e7enekleridir ve Almanya\u2019daki bir\u00e7ok \u015fehirde mevcuttur. Ba\u015fvurular, \u00fcniversitenin ba\u011fl\u0131 oldu\u011fu <em>Studierendenwerk<\/em> (\u00f6\u011frenci i\u015fleri kurumu) arac\u0131l\u0131\u011f\u0131yla yap\u0131l\u0131r. Ba\u015fvuru i\u00e7in genellikle \u00f6\u011frenci oldu\u011funuzu kan\u0131tlayan bir belge gereklidir. Yurt s\u00f6zle\u015fmeleri genellikle 6 ay ila 1 y\u0131l s\u00fcreyle yap\u0131l\u0131r ve baz\u0131 yurtlarda uzatma imk\u00e2n\u0131 bulunur.<\/p>\n\n\n\n<p><strong>Avantajlar\u0131:<\/strong><strong><br><\/strong> \u2714 <strong>Ekonomik:<\/strong> Yurtlar, Almanya\u2019daki en uygun fiyatl\u0131 konaklama se\u00e7eneklerinden biridir. Ayl\u0131k kira bedelleri 200-400 \u20ac aras\u0131nda de\u011fi\u015fir ve genellikle faturalar dahildir.<br>\u2714 <strong>Sosyal Ortam:<\/strong> Farkl\u0131 k\u00fclt\u00fcrlerden \u00f6\u011frencilerle tan\u0131\u015fma ve sosyalle\u015fme imk\u00e2n\u0131 sunar.<br>\u2714 <strong>Kolayl\u0131k:<\/strong> \u00c7o\u011fu yurtta mobilyalar, internet, \u00e7ama\u015f\u0131rhane gibi temel olanaklar sa\u011flan\u0131r.<\/p>\n\n\n\n<p><strong>Dezavantajlar\u0131:<\/strong><strong><br><\/strong> \u2716 <strong>S\u0131n\u0131rl\u0131 \u00d6zel Alan:<\/strong> Yurtlarda genellikle ortak banyo ve mutfak kullan\u0131l\u0131r. Sessiz ve ba\u011f\u0131ms\u0131z bir ya\u015fam isteyenler i\u00e7in uygun olmayabilir.<br>\u2716 <strong>Yo\u011fun Talep:<\/strong> Almanya\u2019daki bir\u00e7ok \u00f6\u011frenci yurdunda yer bulmak zor olabilir. Erken ba\u015fvuru yapmak \u00f6nemlidir.<\/p>\n\n\n\n<hr class=\"wp-block-separator has-alpha-channel-opacity\" \/>\n\n\n\n<figure class=\"wp-block-image alignright is-resized\"><img decoding=\"async\" src=\"https:\/\/lh7-rt.googleusercontent.com\/docsz\/AD_4nXdyw9jTxDxBciHKoJZ3d31oNUxr3_Fn-WeUGE6vd1YkUso3skyQxu9WOVwKkP3W6aFA44IoYd4B_c7rjPDpXQJsPooPYQThs9f3ddxxSqZqiRQNjrhzMr241QqBsmMzFbx6kU0e6A?key=c4oknKplD3Bj1Z77x3BRLSP-\" alt=\"\" style=\"width:516px;height:auto\" \/><\/figure>\n\n\n\n<h2 class=\"wp-block-heading\"><strong>2. Payla\u015f\u0131ml\u0131 Daireler (Wohngemeinschaft \u2013 WG)<\/strong><\/h2>\n\n\n\n<p>Payla\u015f\u0131ml\u0131 daireler (<em>Wohngemeinschaft \u2013 WG<\/em>), birka\u00e7 ki\u015finin ayn\u0131 evi payla\u015farak ortak ya\u015fam giderlerini b\u00f6l\u00fc\u015ft\u00fc\u011f\u00fc bir konaklama modelidir. WG\u2019lerde kira s\u00f6zle\u015fmesi bireysel olabilir veya ana kirac\u0131 taraf\u0131ndan alt kirac\u0131 olarak kabul edilebilirsiniz. Kira s\u00fcreleri esnektir, baz\u0131lar\u0131 k\u0131sa s\u00fcreli (3-6 ay), baz\u0131lar\u0131 ise uzun vadeli olabilir.<\/p>\n\n\n\n<p><strong>Avantajlar\u0131:<\/strong><strong><br><\/strong> \u2714 <strong>Maliyet Payla\u015f\u0131m\u0131:<\/strong> Kira, internet, elektrik ve di\u011fer giderlerin payla\u015f\u0131lmas\u0131 \u00f6zel daire kiralama se\u00e7ene\u011fine g\u00f6re maliyetleri d\u00fc\u015f\u00fcr\u00fcr. Almanya\u2019da WG kiralar\u0131 genellikle ki\u015fi ba\u015f\u0131 300-700 \u20ac aras\u0131ndad\u0131r.<br>\u2714 <strong>Sosyal Deneyim:<\/strong> Ev arkada\u015flar\u0131 edinmek, yabanc\u0131 bir \u00fclkede sosyal \u00e7evrenizi geni\u015fletmenize yard\u0131mc\u0131 olabilir.<br>\u2714 <strong>Esnek Se\u00e7enekler:<\/strong> Farkl\u0131 b\u00fct\u00e7elere ve tercihlere uygun WG\u2019ler bulmak m\u00fcmk\u00fcnd\u00fcr.<\/p>\n\n\n\n<p><strong>Dezavantajlar\u0131:<\/strong><strong><br><\/strong> \u2716 <strong>Uyum Gereklili\u011fi:<\/strong> Ev arkada\u015flar\u0131n\u0131z\u0131n al\u0131\u015fkanl\u0131klar\u0131na ve ya\u015fam tarzlar\u0131na uyum sa\u011flamak gerekebilir.<br>\u2716 <strong>Sorumluluk Payla\u015f\u0131m\u0131:<\/strong> Temizlik, faturalar ve ortak alan kullan\u0131m\u0131 gibi konular \u00fczerinde anla\u015fmazl\u0131k ya\u015fanabilir.<\/p>\n\n\n\n<hr class=\"wp-block-separator has-alpha-channel-opacity\" \/>\n\n\n\n<h2 class=\"wp-block-heading\"><strong>3. \u00d6zel Daire Kiralama<\/strong><\/h2>\n\n\n\n<p>\u00d6zel bir daire kiralamak isteyen \u00f6\u011frenciler, do\u011frudan bir ev sahibinden ya da emlak \u015firketinden kiralama yapabilir. Almanya\u2019da kira s\u00f6zle\u015fmeleri genellikle en az 6 ay ila 1 y\u0131l s\u00fcrelidir.&nbsp;<\/p>\n\n\n\n<p><strong>Avantajlar\u0131:<\/strong><strong><br><\/strong> \u2714 <strong>Ba\u011f\u0131ms\u0131zl\u0131k ve \u00d6zg\u00fcrl\u00fck:<\/strong> Kimseyle ortak alan payla\u015fmak zorunda kalmadan tamamen ba\u011f\u0131ms\u0131z bir ya\u015fam sa\u011flar.<br>\u2714 <strong>Ki\u015fisel Alan:<\/strong> Evi diledi\u011finiz gibi d\u00fczenleyebilir, sessiz ve rahat bir ortamda ya\u015fayabilirsiniz.<\/p>\n\n\n\n<p><strong>Dezavantajlar\u0131:<\/strong><strong><br><\/strong> \u2716 <strong>Y\u00fcksek Maliyet:<\/strong> Almanya\u2019da \u015fehir merkezine yak\u0131n \u00f6zel daireler genellikle pahal\u0131d\u0131r. Ayl\u0131k kira bedelleri \u015fehir ve dairenin b\u00fcy\u00fckl\u00fc\u011f\u00fcne ba\u011fl\u0131 olarak 500-1500 \u20ac aras\u0131nda de\u011fi\u015febilir.<br>\u2716 <strong>Ek Masraflar:<\/strong> Elektrik, su, internet gibi faturalar ve ek giderler tamamen kirac\u0131ya aittir.<br>\u2716 <strong>Daire Bulmak Zor Olabilir:<\/strong> \u00d6zellikle M\u00fcnih, Berlin gibi b\u00fcy\u00fck \u015fehirlerde uygun fiyatl\u0131 daire bulmak olduk\u00e7a rekabet\u00e7idir.<\/p>\n\n\n\n<hr class=\"wp-block-separator has-alpha-channel-opacity\" \/>\n\n\n\n<h2 class=\"wp-block-heading\"><strong>4. \u00d6zel \u00d6\u011frenci Yurtlar\u0131<\/strong><\/h2>\n\n\n\n<p>\u00d6zel \u00f6\u011frenci yurtlar\u0131, devlet destekli \u00f6\u011frenci yurtlar\u0131na k\u0131yasla daha l\u00fcks ve modern olanaklara sahiptir. Ba\u015fvurular genellikle do\u011frudan yurt y\u00f6netimine yap\u0131l\u0131r. S\u00f6zle\u015fmeler 6 ay ila 1 y\u0131l aras\u0131nda de\u011fi\u015fir.<\/p>\n\n\n\n<p><strong>Avantajlar\u0131:<\/strong><strong><br><\/strong> \u2714 <strong>Modern Tesisler:<\/strong> Daha yeni ve konforlu odalar, y\u00fcksek h\u0131zl\u0131 internet, \u00e7al\u0131\u015fma salonlar\u0131, spor salonu gibi ek hizmetler sunabilir.<\/p>\n\n\n\n<p><strong>Dezavantajlar\u0131:<\/strong><strong><br><\/strong> \u2716 <strong>Y\u00fcksek Maliyet:<\/strong> \u00d6zel yurtlar\u0131n fiyatlar\u0131 genellikle 400-900 \u20ac aras\u0131nda de\u011fi\u015fir.<br>\u2716 <strong>S\u0131n\u0131rl\u0131 Sosyal Etkile\u015fim:<\/strong> Devlet yurtlar\u0131na k\u0131yasla daha bireysel bir ya\u015fam tarz\u0131na sahiptir.<\/p>\n\n\n\n<hr class=\"wp-block-separator has-alpha-channel-opacity\" \/>\n\n\n\n<h2 class=\"wp-block-heading\"><strong>5. Ge\u00e7ici Konaklama Se\u00e7enekleri<\/strong><\/h2>\n\n\n\n<p>Almanya\u2019ya yeni gelen \u00f6\u011frenciler i\u00e7in kal\u0131c\u0131 bir yer bulana kadar k\u0131sa s\u00fcreli konaklama se\u00e7enekleri de\u011ferlendirilebilir. Oteller, hosteller ve Airbnb gibi platformlardan ge\u00e7ici konaklama ayarlanabilir. S\u00fcre genellikle birka\u00e7 g\u00fcn ila birka\u00e7 hafta aras\u0131nda de\u011fi\u015fir.<\/p>\n\n\n\n<p><strong>Avantajlar\u0131:<br><\/strong> \u2714 <strong>Esneklik:<\/strong> \u0130lk ba\u015fta kal\u0131c\u0131 bir yer bulmadan Almanya\u2019ya gitmek isteyenler i\u00e7in idealdir.<br>\u2714 <strong>Haz\u0131r ve Kullan\u0131ma A\u00e7\u0131k:<\/strong> E\u015fyalarla u\u011fra\u015fman\u0131za gerek kalmadan ta\u015f\u0131n\u0131p hemen ya\u015fayabilirsiniz.<\/p>\n\n\n\n<p><strong>Dezavantajlar\u0131:<br><\/strong> \u2716 <strong>Y\u00fcksek Maliyet:<\/strong> G\u00fcnl\u00fck veya haftal\u0131k \u00f6deme yap\u0131ld\u0131\u011f\u0131 i\u00e7in uzun vadede pahal\u0131 olabilir.<br>\u2716 <strong>S\u0131n\u0131rl\u0131 Se\u00e7enekler:<\/strong> \u00dcniversite d\u00f6neminin ba\u015flang\u0131c\u0131nda y\u00fcksek talep nedeniyle uygun fiyatl\u0131 yer bulmak zorla\u015fabilir.<\/p>\n\n\n\n<figure class=\"wp-block-image alignleft is-resized\"><img decoding=\"async\" src=\"https:\/\/lh7-rt.googleusercontent.com\/docsz\/AD_4nXfsx8TB2Z3RWpvG4fQ5OIVtZgsxdblJPAxfYbLc4aouN8fgqyrNpOU8ZGC1R9NkgKOdtBu63ncpSTlVDoycfy_GYmXGGRbfJd9NqMq8j4OBbIyIZOfc0GWs1dSzaa--JRJf5keb?key=c4oknKplD3Bj1Z77x3BRLSP-\" alt=\"\" style=\"width:479px;height:auto\" \/><\/figure>\n\n\n\n<hr class=\"wp-block-separator has-alpha-channel-opacity\" \/>\n\n\n\n<p>Almanya\u2019da \u00f6\u011frenci olarak konaklama se\u00e7enekleri b\u00fct\u00e7enize, ya\u015fam tarz\u0131n\u0131za ve sosyal beklentilerinize ba\u011fl\u0131 olarak de\u011fi\u015fiklik g\u00f6sterir.<\/p>\n\n\n\n<ul class=\"wp-block-list\">\n<li><strong>Ekonomik bir se\u00e7enek<\/strong> ar\u0131yorsan\u0131z, \u00f6\u011frenci yurtlar\u0131 en uygun alternatiftir.<\/li>\n\n\n\n<li><strong>Sosyal ve payla\u015f\u0131mc\u0131 bir ortam<\/strong> isterseniz, WG iyi bir se\u00e7enek olabilir.<\/li>\n\n\n\n<li><strong>Ba\u011f\u0131ms\u0131zl\u0131k ve mahremiyet<\/strong> sizin i\u00e7in \u00f6nemliyse, \u00f6zel daire kiralamay\u0131 d\u00fc\u015f\u00fcnebilirsiniz.<\/li>\n\n\n\n<li><strong>Konfor ve modern olanaklar<\/strong> istiyorsan\u0131z, \u00f6zel \u00f6\u011frenci yurtlar\u0131n\u0131 de\u011ferlendirebilirsiniz.<\/li>\n\n\n\n<li>Almanya\u2019ya ilk kez gidiyorsan\u0131z ve kal\u0131c\u0131 bir yer bulamad\u0131ysan\u0131z, ge\u00e7ici konaklama se\u00e7eneklerini d\u00fc\u015f\u00fcnmek faydal\u0131 olabilir.<\/li>\n<\/ul>\n\n\n\n<p>Konaklama se\u00e7iminizi yaparken b\u00fct\u00e7enizi, ula\u015f\u0131m kolayl\u0131\u011f\u0131n\u0131 ve ki\u015fisel tercihlerinizi g\u00f6z \u00f6n\u00fcnde bulundurarak karar vermeniz en do\u011frusu olacakt\u0131r! \ud83d\ude0a<\/p>\n\n\n\n<h2 class=\"wp-block-heading\"><strong>\u00dcniversitelerin Sundu\u011fu Yard\u0131m<\/strong>lar<\/h2>\n\n\n\n<p>Almanya\u2019daki bir\u00e7ok \u00fcniversite, uluslararas\u0131 \u00f6\u011frenciler i\u00e7in konaklama bulma s\u00fcrecinde destek sunar. <strong>Studentenwerk (\u00d6\u011frenci \u0130\u015fleri Kurumu)<\/strong> arac\u0131l\u0131\u011f\u0131yla uygun fiyatl\u0131 yurt ba\u015fvurular\u0131 yap\u0131labilir. Ayr\u0131ca, baz\u0131 \u00fcniversiteler, \u00f6\u011frencilere \u00f6zel yurtlar, payla\u015f\u0131ml\u0131 daireler (WG) veya konaklama platformlar\u0131 hakk\u0131nda bilgi sa\u011flayarak rehberlik eder.<\/p>\n\n\n\n<p>Konaklama yard\u0131m\u0131 al\u0131p alamayaca\u011f\u0131n\u0131z\u0131 \u00f6\u011frenmek i\u00e7in:<br>&#8211; \u00dcniversitenizin Uluslararas\u0131 Ofisi (International Office) ile ileti\u015fime ge\u00e7in.<br>&#8211; \u00dcniversitenin web sitesinde <strong>&#8220;Wohnheim&#8221; veya &#8220;Accommodation&#8221;<\/strong> b\u00f6l\u00fcmlerini inceleyin.<br>&#8211; Erken ba\u015fvuru yaparak yer bulma \u015fans\u0131n\u0131z\u0131 art\u0131r\u0131n!<\/p>\n\n\n\n<hr class=\"wp-block-separator has-alpha-channel-opacity\" \/>\n\n\n\n<h2 class=\"wp-block-heading\"><strong>Almanya&#8217;da Konaklama Bulma Platformlar\u0131<\/strong><\/h2>\n\n\n\n<p>&#8211; \u00dcniversite Yurtlar\u0131 i\u00e7in: Studentenwerk (<a href=\"https:\/\/www.studentenwerke.de\">https:\/\/www.studentenwerke.de<\/a>)\u00a0\u00a0<\/p>\n\n\n\n<p>&#8211; WG ve \u00f6zel daireler i\u00e7in: WG-Gesucht (<a href=\"https:\/\/www.wg-gesucht.de\">https:\/\/www.wg-gesucht.de<\/a>), ImmoScout24 (<a href=\"https:\/\/www.immobilienscout24.de\">https:\/\/www.immobilienscout24.de<\/a>)\u00a0\u00a0<\/p>\n\n\n\n<p>&#8211; Ge\u00e7ici konaklama i\u00e7in: Airbnb (<a href=\"https:\/\/www.airbnb.de\">https:\/\/www.airbnb.de<\/a>), Hostelworld (<a href=\"https:\/\/www.hostelworld.com\">https:\/\/www.hostelworld.com<\/a>)\u00a0\u00a0<\/p>\n\n\n\n<p>Almanya\u2019da e\u011fitim almay\u0131 planl\u0131yorsan\u0131z Unideyim olarak size rehberlik etmek i\u00e7in buraday\u0131z! Almanya\u2019daki dil okullar\u0131, \u00fcniversiteler, konaklama se\u00e7enekleri ve \u00e7al\u0131\u015fma izinleri hakk\u0131nda en g\u00fcncel bilgileri sunarak hayallerinizi ger\u00e7e\u011fe d\u00f6n\u00fc\u015ft\u00fcrmenize yard\u0131mc\u0131 oluyoruz. Siz hayal edin, biz ger\u00e7e\u011fe d\u00f6n\u00fc\u015ft\u00fcrelim! Uzman e\u011fitim dan\u0131\u015fmanlar\u0131m\u0131zdan\u00a0<a href=\"https:\/\/calendly.com\/d\/cngm-hy5-qkb\/almanya-hedefinize-uzman-ekibimizle-ilk-adimi-atin?fbclid=PAZXh0bgNhZW0CMTEAAabSW3QnA1l4jnHXClAndRzJDS37WcfRHluplYgaNaF5KVpZjkKzZVOEN0U_aem_xnHWI1dCN0liGHXd2eYZXw&amp;month=2025-01\"><strong>\u00dccretsiz Randevu Almak i\u00e7in T\u0131klay\u0131n<\/strong>!<\/a>\u00a0<\/p>\n\n\n\n<p><\/p>\n","protected":false},"excerpt":{"rendered":"<p>Almanya\u2019da e\u011fitim almay\u0131 planlayan \u00f6\u011frenciler i\u00e7in konaklama, en \u00f6nemli konular\u0131n ba\u015f\u0131nda gelir. Do\u011fru konaklama se\u00e7imi, akademik ba\u015far\u0131n\u0131z\u0131 ve genel ya\u015fam kalitenizi do\u011frudan etkileyebilir. Gelin birlikte \u00f6\u011frenci yurtlar\u0131ndan \u00f6zel daire kiralamaya kadar t\u00fcm alternatifleri avantajlar\u0131 ve dezavantajlar\u0131yla birlikte inceleyelim!<\/p>\n","protected":false},"author":2,"featured_media":0,"comment_status":"open","ping_status":"open","sticky":false,"template":"","format":"standard","meta":{"footnotes":""},"categories":[5],"tags":[25,60,8,61,62,63],"class_list":["post-282","post","type-post","status-publish","format-standard","hentry","category-sehirler","tag-almanyada-ogrenci-olmak","tag-almanyada-yasam","tag-almanyada-egitim","tag-konaklama","tag-ogrenci-yurtlari","tag-wg"],"_links":{"self":[{"href":"https:\/\/unideyim.com\/blog\/index.php?rest_route=\/wp\/v2\/posts\/282","targetHints":{"allow":["GET"]}}],"collection":[{"href":"https:\/\/unideyim.com\/blog\/index.php?rest_route=\/wp\/v2\/posts"}],"about":[{"href":"https:\/\/unideyim.com\/blog\/index.php?rest_route=\/wp\/v2\/types\/post"}],"author":[{"embeddable":true,"href":"https:\/\/unideyim.com\/blog\/index.php?rest_route=\/wp\/v2\/users\/2"}],"replies":[{"embeddable":true,"href":"https:\/\/unideyim.com\/blog\/index.php?rest_route=%2Fwp%2Fv2%2Fcomments&post=282"}],"version-history":[{"count":3,"href":"https:\/\/unideyim.com\/blog\/index.php?rest_route=\/wp\/v2\/posts\/282\/revisions"}],"predecessor-version":[{"id":286,"href":"https:\/\/unideyim.com\/blog\/index.php?rest_route=\/wp\/v2\/posts\/282\/revisions\/286"}],"wp:attachment":[{"href":"https:\/\/unideyim.com\/blog\/index.php?rest_route=%2Fwp%2Fv2%2Fmedia&parent=282"}],"wp:term":[{"taxonomy":"category","embeddable":true,"href":"https:\/\/unideyim.com\/blog\/index.php?rest_route=%2Fwp%2Fv2%2Fcategories&post=282"},{"taxonomy":"post_tag","embeddable":true,"href":"https:\/\/unideyim.com\/blog\/index.php?rest_route=%2Fwp%2Fv2%2Ftags&post=282"}],"curies":[{"name":"wp","href":"https:\/\/api.w.org\/{rel}","templated":true}]}}