{"id":301,"date":"2025-04-28T19:54:10","date_gmt":"2025-04-28T19:54:10","guid":{"rendered":"https:\/\/unideyim.com\/blog\/?p=301"},"modified":"2025-04-28T19:54:11","modified_gmt":"2025-04-28T19:54:11","slug":"neden-almanyada-muhendislik-okumalisiniz","status":"publish","type":"post","link":"https:\/\/unideyim.com\/blog\/?p=301","title":{"rendered":"Neden Almanya&#8217;da M\u00fchendislik Okumal\u0131s\u0131n\u0131z?"},"content":{"rendered":"\n<p>Almanya, m\u00fchendislik e\u011fitimi a\u00e7\u0131s\u0131ndan d\u00fcnya \u00e7ap\u0131nda tan\u0131nan bir \u00fclkedir. Teknik bilgiye dayal\u0131 e\u011fitim anlay\u0131\u015f\u0131, modern laboratuvarlar\u0131, uygulamal\u0131 dersleri ve g\u00fc\u00e7l\u00fc sanayi i\u015f birlikleri ile m\u00fchendislik alan\u0131nda \u00f6\u011frencilere benzersiz f\u0131rsatlar sunar. Ayr\u0131ca, \u00fcniversitelerin \u00e7o\u011funda d\u00fc\u015f\u00fck maliyetli ya da \u00fccretsiz e\u011fitim imkan\u0131 bulunmas\u0131, uluslararas\u0131 \u00f6\u011frenciler i\u00e7in b\u00fcy\u00fck bir avantajd\u0131r.<\/p>\n\n\n\n<h2 class=\"wp-block-heading\"><strong>Almanya\u2019da M\u00fchendislik B\u00f6l\u00fcmleri Neden Pop\u00fcler?<\/strong><\/h2>\n\n\n\n<h3 class=\"wp-block-heading\"><strong>Almanya\u2019n\u0131n M\u00fchendislikte K\u00fcresel G\u00fcc\u00fc ve End\u00fcstri Liderli\u011fi&nbsp;&nbsp;<\/strong><\/h3>\n\n\n\n<p>Almanya, d\u00fcnya \u00e7ap\u0131nda m\u00fchendislik alan\u0131nda g\u00fc\u00e7l\u00fc bir ge\u00e7mi\u015fe sahiptir. Sanayi Devrimi\u2019nden bu yana teknoloji ve \u00fcretimde \u00f6nemli bir rol oynayan Almanya, bug\u00fcn hala m\u00fchendislik ve inovasyonun merkezlerinden biridir.&nbsp;&nbsp;<\/p>\n\n\n\n<p><em>\u00d6ne \u00c7\u0131kan Sekt\u00f6rler:\u00a0\u00a0<\/em><\/p>\n\n\n\n<figure class=\"wp-block-image alignleft size-large is-resized\"><img loading=\"lazy\" decoding=\"async\" width=\"1024\" height=\"576\" src=\"https:\/\/unideyim.com\/blog\/wp-content\/uploads\/2025\/04\/image-1024x576.png\" alt=\"\" class=\"wp-image-302\" style=\"width:453px;height:auto\" srcset=\"https:\/\/unideyim.com\/blog\/wp-content\/uploads\/2025\/04\/image-1024x576.png 1024w, https:\/\/unideyim.com\/blog\/wp-content\/uploads\/2025\/04\/image-300x169.png 300w, https:\/\/unideyim.com\/blog\/wp-content\/uploads\/2025\/04\/image-768x432.png 768w, https:\/\/unideyim.com\/blog\/wp-content\/uploads\/2025\/04\/image.png 1365w\" sizes=\"auto, (max-width: 1024px) 100vw, 1024px\" \/><\/figure>\n\n\n\n<ul class=\"wp-block-list\">\n<li>Otomotiv: Almanya, BMW, Mercedes-Benz, Volkswagen, Porsche ve Audi gibi d\u00fcnya devlerine ev sahipli\u011fi yapmaktad\u0131r. Bu nedenle Otomotiv M\u00fchendisli\u011fi (Fahrzeugtechnik) b\u00f6l\u00fcm\u00fc b\u00fcy\u00fck ilgi g\u00f6rmektedir.\u00a0\u00a0<\/li>\n<\/ul>\n\n\n\n<ul class=\"wp-block-list\">\n<li>Makine M\u00fchendisli\u011fi: Sanayi \u00fcretimi ve otomasyon konusunda d\u00fcnya lideri olan Almanya\u2019da Makine M\u00fchendisli\u011fi (Maschinenbau) b\u00f6l\u00fcm\u00fc en prestijli m\u00fchendislik alanlar\u0131ndan biridir.\u00a0\u00a0<\/li>\n<\/ul>\n\n\n\n<ul class=\"wp-block-list\">\n<li>Elektrik &amp; Elektronik: Siemens ve Bosch gibi global firmalar, Almanya\u2019y\u0131 Elektrik ve Elektronik M\u00fchendisli\u011fi (Elektrotechnik und Informationstechnik) alan\u0131nda cazip hale getirmektedir.\u00a0\u00a0<\/li>\n<\/ul>\n\n\n\n<ul class=\"wp-block-list\">\n<li>Yaz\u0131l\u0131m ve IT: Dijitalle\u015fme ve yapay zeka alan\u0131ndaki geli\u015fmeler nedeniyle Bilgisayar M\u00fchendisli\u011fi (Informatik) ve Yaz\u0131l\u0131m M\u00fchendisli\u011fi (Softwaretechnik) b\u00f6l\u00fcmleri h\u0131zla y\u00fckselmektedir.\u00a0\u00a0<\/li>\n<\/ul>\n\n\n\n<p>Bu alanlardaki g\u00fc\u00e7l\u00fc sanayi altyap\u0131s\u0131, Almanya\u2019daki m\u00fchendislik e\u011fitimini cazip hale getiriyor.&nbsp;&nbsp;<\/p>\n\n\n\n<h3 class=\"wp-block-heading\"><strong>\u00dccretsiz ve Kaliteli E\u011fitim \u0130mkan\u0131<\/strong><\/h3>\n\n\n\n<p>Almanya\u2019daki \u00fcniversitelerin b\u00fcy\u00fck \u00e7o\u011funlu\u011fu devlet \u00fcniversiteleridir ve m\u00fchendislik b\u00f6l\u00fcmlerinde \u00f6\u011frenim \u00fccreti al\u0131nmaz. \u00d6\u011frenciler yaln\u0131zca d\u00f6nemlik k\u00fc\u00e7\u00fck bir har\u00e7 (Semesterbeitrag) \u00f6derler. Bu da \u00f6zellikle uluslararas\u0131 \u00f6\u011frenciler i\u00e7in b\u00fcy\u00fck bir avantajd\u0131r.&nbsp;&nbsp;<\/p>\n\n\n\n<h3 class=\"wp-block-heading\"><strong>M\u00fchendislik E\u011fitiminin Uygulamal\u0131 ve Pratik Odakl\u0131 Olmas\u0131&nbsp;<\/strong><\/h3>\n\n\n\n<figure class=\"wp-block-image alignright size-large is-resized\"><img loading=\"lazy\" decoding=\"async\" width=\"1024\" height=\"576\" src=\"https:\/\/unideyim.com\/blog\/wp-content\/uploads\/2025\/04\/image-1-1024x576.png\" alt=\"\" class=\"wp-image-303\" style=\"width:428px;height:auto\" srcset=\"https:\/\/unideyim.com\/blog\/wp-content\/uploads\/2025\/04\/image-1-1024x576.png 1024w, https:\/\/unideyim.com\/blog\/wp-content\/uploads\/2025\/04\/image-1-300x169.png 300w, https:\/\/unideyim.com\/blog\/wp-content\/uploads\/2025\/04\/image-1-768x432.png 768w, https:\/\/unideyim.com\/blog\/wp-content\/uploads\/2025\/04\/image-1.png 1200w\" sizes=\"auto, (max-width: 1024px) 100vw, 1024px\" \/><\/figure>\n\n\n\n<p>Almanya\u2019daki m\u00fchendislik programlar\u0131 genellikle teorik bilgiyle prati\u011fi birle\u015ftiren bir yap\u0131ya sahiptir. Bu, \u00f6\u011frencilerin mezun olduktan sonra i\u015f hayat\u0131na daha kolay adapte olmalar\u0131n\u0131 sa\u011flar.&nbsp;&nbsp;<\/p>\n\n\n\n<p><em>Uygulamal\u0131 E\u011fitim \u0130\u00e7in F\u0131rsatlar:\u00a0\u00a0<\/em><\/p>\n\n\n\n<p><em>a. Laboratuvar ve Proje \u00c7al\u0131\u015fmalar\u0131:<\/em> \u00d6\u011frenciler, laboratuvarlarda son teknoloji ekipmanlarla \u00e7al\u0131\u015farak teorik bilgilerini prati\u011fe d\u00f6kme f\u0131rsat\u0131 bulurlar.&nbsp;&nbsp;<\/p>\n\n\n\n<p><em>b. End\u00fcstri \u0130\u015f Birlikleri:<\/em> \u00dcniversiteler, b\u00fcy\u00fck Alman \u015firketleriyle i\u015f birlikleri yaparak \u00f6\u011frencilere projeler ve staj imkanlar\u0131 sunar. \u00d6rne\u011fin, bir makine m\u00fchendisli\u011fi \u00f6\u011frencisi BMW veya Siemens ile ortak projelerde \u00e7al\u0131\u015fabilir.&nbsp;&nbsp;<\/p>\n\n\n\n<p><em>c. Uygulamal\u0131 Bilimler \u00dcniversiteleri<\/em> (Fachhochschule &#8211; FH): Almanya\u2019da sadece uygulamaya y\u00f6nelik e\u011fitim veren \u00fcniversiteler bulunmaktad\u0131r. Bu \u00fcniversitelerde m\u00fchendislik \u00f6\u011frencileri, do\u011frudan end\u00fcstriyle i\u00e7 i\u00e7e bir e\u011fitim al\u0131rlar.&nbsp;&nbsp;<\/p>\n\n\n\n<h3 class=\"wp-block-heading\"><strong>Almanya\u2019daki M\u00fchendislik Mezunlar\u0131na Y\u00fcksek Talep ve \u0130\u015f F\u0131rsatlar\u0131<\/strong>&nbsp;&nbsp;<\/h3>\n\n\n\n<p>Almanya\u2019da m\u00fchendislik e\u011fitimi alm\u0131\u015f bir ki\u015fi i\u00e7in i\u015f bulamama ihtimali olduk\u00e7a d\u00fc\u015f\u00fckt\u00fcr. Almanya, Avrupa\u2019daki en b\u00fcy\u00fck sanayi \u00fclkelerinden biri oldu\u011fu i\u00e7in s\u00fcrekli olarak m\u00fchendis a\u00e7\u0131\u011f\u0131 bulunmaktad\u0131r.&nbsp; Ayr\u0131ca Almanya\u2019da e\u011fitim al\u0131p yapay zeka, otomasyon, enerji m\u00fchendisli\u011fi ve \u00e7evre m\u00fchendisli\u011fi gibi alanlarda uzmanla\u015fan m\u00fchendisler, Avrupa\u2019n\u0131n herhangi bir \u00fclkesinde h\u0131zla i\u015f bulabilmektedir.&nbsp;&nbsp;<\/p>\n\n\n\n<h3 class=\"wp-block-heading\"><strong>Teknoloji ve \u0130novasyona B\u00fcy\u00fck Yat\u0131r\u0131m<\/strong>&nbsp;&nbsp;<\/h3>\n\n\n\n<p>Almanya, End\u00fcstri 4.0 konsepti ile sanayisini dijitalle\u015ftirerek m\u00fchendislik alan\u0131nda inovasyonu te\u015fvik etmektedir. H\u00fck\u00fcmet ve \u00f6zel sekt\u00f6r, ara\u015ft\u0131rma-geli\u015ftirme (Ar-Ge) \u00e7al\u0131\u015fmalar\u0131na b\u00fcy\u00fck yat\u0131r\u0131mlar yapmaktad\u0131r.&nbsp;&nbsp;<\/p>\n\n\n\n<figure class=\"wp-block-image alignright size-full is-resized\"><img loading=\"lazy\" decoding=\"async\" width=\"656\" height=\"305\" src=\"https:\/\/unideyim.com\/blog\/wp-content\/uploads\/2025\/04\/image-2.png\" alt=\"\" class=\"wp-image-304\" style=\"width:465px;height:auto\" srcset=\"https:\/\/unideyim.com\/blog\/wp-content\/uploads\/2025\/04\/image-2.png 656w, https:\/\/unideyim.com\/blog\/wp-content\/uploads\/2025\/04\/image-2-300x139.png 300w\" sizes=\"auto, (max-width: 656px) 100vw, 656px\" \/><\/figure>\n\n\n\n<h2 class=\"wp-block-heading\">Pop\u00fcler \u00dcniversiteler<\/h2>\n\n\n\n<p>M\u00fchendislik e\u011fitimi almak isteyen \u00f6\u011frenciler i\u00e7in Almanya\u2019daki en iyi teknik \u00fcniversiteler \u015funlard\u0131r:<\/p>\n\n\n\n<ul class=\"wp-block-list\">\n<li><strong>Technische Universit\u00e4t M\u00fcnchen (TUM)<\/strong><\/li>\n\n\n\n<li><strong>RWTH Aachen University\u00a0<\/strong><\/li>\n\n\n\n<li><strong>Karlsruhe Institute of Technology (KIT)\u00a0<\/strong><\/li>\n\n\n\n<li><strong>Technische Universit\u00e4t Berlin (TU Berlin)\u00a0<\/strong><\/li>\n\n\n\n<li><strong>Universit\u00e4t Stuttgart\u00a0<\/strong><\/li>\n\n\n\n<li><strong>Technische Universit\u00e4t Darmstadt\u00a0<\/strong><\/li>\n<\/ul>\n\n\n\n<h2 class=\"wp-block-heading\">Mezuniyet Sonras\u0131 F\u0131rsatlar ve Avantajlar<\/h2>\n\n\n\n<p>Almanya&#8217;da m\u00fchendislik e\u011fitimi almak, sadece kaliteli bir akademik formasyon sunmakla kalmaz, ayn\u0131 zamanda mezuniyet sonras\u0131nda da \u00f6\u011frencilere bir\u00e7ok kap\u0131y\u0131 aralar. \u0130\u015fte Almanya&#8217;da m\u00fchendislik diplomas\u0131 ald\u0131ktan sonra sizi bekleyen \u00f6nemli f\u0131rsatlar:<\/p>\n\n\n\n<p><strong>Almanya\u2019da \u00c7al\u0131\u015fma ve Vatanda\u015fl\u0131k Hakk\u0131:<\/strong><br>M\u00fchendislik mezunlar\u0131, Almanya&#8217;da y\u00fcksek istihdam \u015fans\u0131 elde eder. Mezuniyetin ard\u0131ndan, i\u015f aramak ve \u00e7al\u0131\u015fmak amac\u0131yla 18 ayl\u0131k oturma izni hakk\u0131 tan\u0131n\u0131r. Bu s\u00fcre\u00e7te bir i\u015f buldu\u011funuzda, uzun s\u00fcreli \u00e7al\u0131\u015fma vizesi veya AB Mavi Kart\u0131&#8217;na (Blue Card) ba\u015fvurarak kal\u0131c\u0131 oturum ve ilerleyen y\u0131llarda vatanda\u015fl\u0131k yolunda ad\u0131m atabilirsiniz. Almanya, kalifiye m\u00fchendis a\u00e7\u0131\u011f\u0131 nedeniyle uluslararas\u0131 mezunlara s\u0131cak bakmaktad\u0131r.<\/p>\n\n\n\n<figure class=\"wp-block-image alignleft size-full is-resized\"><img loading=\"lazy\" decoding=\"async\" width=\"612\" height=\"408\" src=\"https:\/\/unideyim.com\/blog\/wp-content\/uploads\/2025\/04\/image-3.png\" alt=\"\" class=\"wp-image-305\" style=\"width:456px;height:auto\" srcset=\"https:\/\/unideyim.com\/blog\/wp-content\/uploads\/2025\/04\/image-3.png 612w, https:\/\/unideyim.com\/blog\/wp-content\/uploads\/2025\/04\/image-3-300x200.png 300w\" sizes=\"auto, (max-width: 612px) 100vw, 612px\" \/><\/figure>\n\n\n\n<p><strong>Y\u00fcksek Maa\u015fl\u0131 \u0130\u015f F\u0131rsatlar\u0131:<\/strong><\/p>\n\n\n\n<p><br>Almanya\u2019da m\u00fchendisler, \u00fclke ekonomisinin temel ta\u015f\u0131 olan sanayi ve teknoloji sekt\u00f6rlerinde \u00f6nemli pozisyonlarda g\u00f6rev al\u0131r. Bu da, mezunlar\u0131n ba\u015flang\u0131\u00e7 maa\u015flar\u0131n\u0131n olduk\u00e7a y\u00fcksek olmas\u0131n\u0131 sa\u011flar. \u00d6zellikle makine m\u00fchendisli\u011fi, otomotiv, elektrik-elektronik ve yaz\u0131l\u0131m m\u00fchendisli\u011fi gibi alanlarda \u00e7al\u0131\u015fan yeni mezunlar, Avrupa standartlar\u0131n\u0131n \u00fczerinde gelir elde edebilirler. Ayr\u0131ca i\u015f tecr\u00fcbesi kazand\u0131k\u00e7a maa\u015flar h\u0131zla art\u0131\u015f g\u00f6sterir.<\/p>\n\n\n\n<p><strong>K\u00fcresel Kariyer Olanaklar\u0131:<\/strong><br>Almanya\u2019daki \u00fcniversitelerden al\u0131nan m\u00fchendislik diplomalar\u0131, d\u00fcnya genelinde y\u00fcksek sayg\u0131nl\u0131\u011fa sahiptir. Bu sayede, yaln\u0131zca Almanya\u2019da de\u011fil, Avrupa&#8217;n\u0131n di\u011fer \u00fclkelerinde, ABD, Kanada, Avustralya ve Asya&#8217;da da kariyer f\u0131rsatlar\u0131na eri\u015fim m\u00fcmk\u00fcn olur. Almanya&#8217;n\u0131n uluslararas\u0131 firmalarla g\u00fc\u00e7l\u00fc ili\u015fkileri sayesinde, mezunlar yurtd\u0131\u015f\u0131 g\u00f6revlerde ve global projelerde yer alma \u015fans\u0131 yakalayabilir.<\/p>\n\n\n\n<p><strong>Sanayi \u0130\u015fbirlikleri ve Ar-Ge Olanaklar\u0131:<\/strong><br>Almanya\u2019daki m\u00fchendislik fak\u00fclteleri, Siemens, Bosch, BMW, Mercedes-Benz, Volkswagen gibi d\u00fcnya devi firmalarla do\u011frudan i\u015f birli\u011fi i\u00e7indedir. \u00dcniversite e\u011fitimi s\u0131ras\u0131nda bu \u015firketlerle yap\u0131lan stajlar, bitirme projeleri ve Ar-Ge \u00e7al\u0131\u015fmalar\u0131, \u00f6\u011frencilerin mezun olmadan \u00f6nce i\u015f d\u00fcnyas\u0131na entegre olmalar\u0131n\u0131 sa\u011flar. Bu g\u00fc\u00e7l\u00fc akademi-sanayi ba\u011flant\u0131lar\u0131, hem kariyer ba\u015flang\u0131c\u0131n\u0131 kolayla\u015ft\u0131r\u0131r hem de \u00f6\u011frencilerin ger\u00e7ek d\u00fcnya deneyimi kazanmalar\u0131na olanak tan\u0131r.<\/p>\n\n\n\n<hr class=\"wp-block-separator has-alpha-channel-opacity\" \/>\n\n\n\n<p>Almanya\u2019da m\u00fchendislik okumak, kaliteli e\u011fitim, g\u00fc\u00e7l\u00fc sanayi ba\u011flant\u0131lar\u0131 ve geni\u015f kariyer f\u0131rsatlar\u0131 a\u00e7\u0131s\u0131ndan b\u00fcy\u00fck avantajlar sunar. \u00dcniversite ve b\u00f6l\u00fcm se\u00e7erken NC durumuna, ba\u015fvuru s\u00fcrecine ve kariyer hedeflerinize uygun bir tercih yapman\u0131z \u00f6nemlidir. E\u011fer m\u00fchendislik alan\u0131nda kendinizi geli\u015ftirmek ve Avrupa&#8217;da kariyer yapmak istiyorsan\u0131z, Almanya sizin i\u00e7in harika bir se\u00e7enek olabilir! Avrupa\u2019da m\u00fchendis olarak \u00e7al\u0131\u015fma hayalinizi ger\u00e7ekle\u015ftirmek i\u00e7in bize ula\u015f\u0131n ve hayallerinize kavu\u015fman\u0131zda size yard\u0131mc\u0131 olal\u0131m. Siz hayal edin, biz ger\u00e7e\u011fe d\u00f6n\u00fc\u015ft\u00fcrelim! Uzman e\u011fitim dan\u0131\u015fmanlar\u0131m\u0131zdan <a href=\"https:\/\/calendly.com\/d\/cngm-hy5-qkb\/almanya-hedefinize-uzman-ekibimizle-ilk-adimi-atin?fbclid=PAZXh0bgNhZW0CMTEAAabSW3QnA1l4jnHXClAndRzJDS37WcfRHluplYgaNaF5KVpZjkKzZVOEN0U_aem_xnHWI1dCN0liGHXd2eYZXw&amp;month=2025-04\"><strong>\u00dccretsiz Randevu Almak i\u00e7in T\u0131klay\u0131n!<\/strong><\/a><\/p>\n\n\n\n<p><\/p>\n","protected":false},"excerpt":{"rendered":"<p>Almanya\u2019da m\u00fchendislik e\u011fitimi almak isteyen \u00f6\u011frenciler i\u00e7in do\u011fru \u00fcniversite ve b\u00f6l\u00fcm se\u00e7imi kadar, do\u011fru kariyer planlamas\u0131 da b\u00fcy\u00fck \u00f6nem ta\u015f\u0131yor. Mezuniyet sonras\u0131 f\u0131rsatlar\u0131 iyi de\u011ferlendirmek, gelecekteki ba\u015far\u0131 yolculu\u011funuzu \u015fekillendirebilir. Gelin birlikte Almanya\u2019da m\u00fchendislik e\u011fitimi sonras\u0131 sizi bekleyen i\u015f imkanlar\u0131n\u0131, avantajlar\u0131 ve kariyer se\u00e7eneklerini t\u00fcm detaylar\u0131yla ke\u015ffedelim!<\/p>\n","protected":false},"author":2,"featured_media":0,"comment_status":"open","ping_status":"open","sticky":false,"template":"","format":"standard","meta":{"footnotes":""},"categories":[6],"tags":[74,25,8,10,78,79,80,77,75,76],"class_list":["post-301","post","type-post","status-publish","format-standard","hentry","category-egitim","tag-almanyada-muhendislik","tag-almanyada-ogrenci-olmak","tag-almanyada-egitim","tag-almayada-universite","tag-elektrik-elektronik-muhendisligi","tag-informatik","tag-it","tag-makine-muhendisligi","tag-muhendislik","tag-otomotiv-sanayi"],"_links":{"self":[{"href":"https:\/\/unideyim.com\/blog\/index.php?rest_route=\/wp\/v2\/posts\/301","targetHints":{"allow":["GET"]}}],"collection":[{"href":"https:\/\/unideyim.com\/blog\/index.php?rest_route=\/wp\/v2\/posts"}],"about":[{"href":"https:\/\/unideyim.com\/blog\/index.php?rest_route=\/wp\/v2\/types\/post"}],"author":[{"embeddable":true,"href":"https:\/\/unideyim.com\/blog\/index.php?rest_route=\/wp\/v2\/users\/2"}],"replies":[{"embeddable":true,"href":"https:\/\/unideyim.com\/blog\/index.php?rest_route=%2Fwp%2Fv2%2Fcomments&post=301"}],"version-history":[{"count":1,"href":"https:\/\/unideyim.com\/blog\/index.php?rest_route=\/wp\/v2\/posts\/301\/revisions"}],"predecessor-version":[{"id":306,"href":"https:\/\/unideyim.com\/blog\/index.php?rest_route=\/wp\/v2\/posts\/301\/revisions\/306"}],"wp:attachment":[{"href":"https:\/\/unideyim.com\/blog\/index.php?rest_route=%2Fwp%2Fv2%2Fmedia&parent=301"}],"wp:term":[{"taxonomy":"category","embeddable":true,"href":"https:\/\/unideyim.com\/blog\/index.php?rest_route=%2Fwp%2Fv2%2Fcategories&post=301"},{"taxonomy":"post_tag","embeddable":true,"href":"https:\/\/unideyim.com\/blog\/index.php?rest_route=%2Fwp%2Fv2%2Ftags&post=301"}],"curies":[{"name":"wp","href":"https:\/\/api.w.org\/{rel}","templated":true}]}}