{"id":312,"date":"2025-05-05T10:00:00","date_gmt":"2025-05-05T10:00:00","guid":{"rendered":"https:\/\/unideyim.com\/blog\/?p=312"},"modified":"2025-05-04T13:09:44","modified_gmt":"2025-05-04T13:09:44","slug":"neden-technische-universitat-munchen-tum","status":"publish","type":"post","link":"https:\/\/unideyim.com\/blog\/?p=312","title":{"rendered":"Neden Technische Universit\u00e4t M\u00fcnchen (TUM)?"},"content":{"rendered":"\n<p>Almanya, kaliteli e\u011fitimi, d\u00fc\u015f\u00fck \u00f6\u011frenim \u00fccretleri ve uluslararas\u0131 kariyer olanaklar\u0131yla her y\u0131l binlerce yabanc\u0131 \u00f6\u011frenciyi kendine \u00e7ekiyor. Bu \u00fclkenin en prestijli teknik \u00fcniversitelerinden biri olan Technische Universit\u00e4t M\u00fcnchen (TUM), \u00f6zellikle m\u00fchendislik ve teknoloji alan\u0131nda sundu\u011fu \u00fcst d\u00fczey e\u011fitimle dikkat \u00e7ekiyor. Peki TUM\u2019u bu kadar \u00f6zel k\u0131lan nedir? Gelin yak\u0131ndan bakal\u0131m.<\/p>\n\n\n\n<hr class=\"wp-block-separator has-alpha-channel-opacity\" \/>\n\n\n\n<h2 class=\"wp-block-heading\"><strong>1. M\u00fchendislik ve Teknolojide Avrupa\u2019n\u0131n En \u0130yilerinden<\/strong><\/h2>\n\n\n\n<figure class=\"wp-block-image alignright size-large is-resized\"><img loading=\"lazy\" decoding=\"async\" width=\"1024\" height=\"642\" src=\"https:\/\/unideyim.com\/blog\/wp-content\/uploads\/2025\/05\/tum01-1024x642.jpg\" alt=\"\" class=\"wp-image-315\" style=\"width:481px;height:auto\" srcset=\"https:\/\/unideyim.com\/blog\/wp-content\/uploads\/2025\/05\/tum01-1024x642.jpg 1024w, https:\/\/unideyim.com\/blog\/wp-content\/uploads\/2025\/05\/tum01-300x188.jpg 300w, https:\/\/unideyim.com\/blog\/wp-content\/uploads\/2025\/05\/tum01-768x481.jpg 768w, https:\/\/unideyim.com\/blog\/wp-content\/uploads\/2025\/05\/tum01-1536x962.jpg 1536w, https:\/\/unideyim.com\/blog\/wp-content\/uploads\/2025\/05\/tum01.jpg 1540w\" sizes=\"auto, (max-width: 1024px) 100vw, 1024px\" \/><\/figure>\n\n\n\n<p>TUM, QS D\u00fcnya \u00dcniversite S\u0131ralamas\u0131\u2019na g\u00f6re m\u00fchendislik ve teknoloji alan\u0131nda Avrupa\u2019n\u0131n en prestijli \u00fcniversitelerinden biridir. Akademik m\u00fckemmeliyetin yan\u0131 s\u0131ra uygulamal\u0131 e\u011fitime verdi\u011fi \u00f6nem sayesinde \u00f6\u011frencilerini sadece teorik olarak de\u011fil, pratik becerilerle de donat\u0131r.<br>\u00d6zellikle:<\/p>\n\n\n\n<ul class=\"wp-block-list\">\n<li><strong>Makine m\u00fchendisli\u011fi<\/strong><strong><br><\/strong><\/li>\n\n\n\n<li><strong>Bilgisayar bilimleri<\/strong><strong><br><\/strong><\/li>\n\n\n\n<li><strong>Elektrik-elektronik m\u00fchendisli\u011fi<\/strong><strong><br><\/strong><\/li>\n\n\n\n<li><strong>Yapay zeka<br><\/strong>alanlar\u0131nda y\u00fcr\u00fct\u00fclen disiplinler aras\u0131 ara\u015ft\u0131rmalar ve projeler, \u00f6\u011frencilerin g\u00fcncel teknoloji ve m\u00fchendislik uygulamalar\u0131na do\u011frudan temas etmesini sa\u011flar. Ayr\u0131ca laboratuvar altyap\u0131s\u0131 ve inovatif \u00f6\u011fretim y\u00f6ntemleriyle TUM, \u00f6\u011frencilerine k\u00fcresel \u00f6l\u00e7ekte ge\u00e7erlili\u011fi olan bir e\u011fitim sunar.<\/li>\n<\/ul>\n\n\n\n<h2 class=\"wp-block-heading\"><strong>2. BMW, Siemens, Google Gibi Dev \u015eirketlerle \u0130\u015f Birlikleri<\/strong><\/h2>\n\n\n\n<p>TUM\u2019un bulundu\u011fu M\u00fcnih \u015fehri; BMW, Siemens, Google ve Microsoft gibi teknoloji devlerine ev sahipli\u011fi yapar. Bu \u015firketlerin TUM ile y\u00fcr\u00fctt\u00fc\u011f\u00fc stratejik i\u015f birlikleri sayesinde \u00f6\u011frenciler, ger\u00e7ek projelerde yer alma ve profesyonel d\u00fcnyayla erken ya\u015fta tan\u0131\u015fma imk\u00e2n\u0131 bulur.<\/p>\n\n\n\n<p>\u00d6rne\u011fin, m\u00fchendislik fak\u00fcltesi \u00f6\u011frencileri bu \u015firketlerde staj yaparken, baz\u0131lar\u0131 do\u011frudan bu kurumlar\u0131n Ar-Ge birimlerinde proje asistanl\u0131\u011f\u0131 gibi pozisyonlarda \u00e7al\u0131\u015fabilir. Mezuniyet sonras\u0131 i\u015fe al\u0131m s\u00fcre\u00e7lerinde bu ba\u011flant\u0131lar, \u00f6\u011frencilere b\u00fcy\u00fck avantaj sa\u011flar. Ayr\u0131ca, okul i\u00e7indeki kariyer g\u00fcnleri ve \u015firket seminerleri sayesinde \u00f6\u011frenciler sekt\u00f6rel a\u011flar\u0131n\u0131 erkenden olu\u015fturmaya ba\u015flar.<\/p>\n\n\n\n<h2 class=\"wp-block-heading\"><strong>3. \u0130ngilizce Program Se\u00e7enekleri<\/strong><\/h2>\n\n\n\n<p>TUM, \u00f6zellikle y\u00fcksek lisans d\u00fczeyinde \u00e7ok say\u0131da \u0130ngilizce program sunar. Almanca bilmeyen \u00f6\u011frenciler i\u00e7in bu, uluslararas\u0131 e\u011fitim hedeflerine ula\u015fmada b\u00fcy\u00fck bir kolayl\u0131k sa\u011flar.<\/p>\n\n\n\n<figure class=\"wp-block-image alignright size-full is-resized\"><img loading=\"lazy\" decoding=\"async\" width=\"950\" height=\"634\" src=\"https:\/\/unideyim.com\/blog\/wp-content\/uploads\/2025\/05\/tum02.jpg\" alt=\"\" class=\"wp-image-316\" style=\"width:503px;height:auto\" srcset=\"https:\/\/unideyim.com\/blog\/wp-content\/uploads\/2025\/05\/tum02.jpg 950w, https:\/\/unideyim.com\/blog\/wp-content\/uploads\/2025\/05\/tum02-300x200.jpg 300w, https:\/\/unideyim.com\/blog\/wp-content\/uploads\/2025\/05\/tum02-768x513.jpg 768w\" sizes=\"auto, (max-width: 950px) 100vw, 950px\" \/><\/figure>\n\n\n\n<p>\u00d6ne \u00e7\u0131kan \u0130ngilizce y\u00fcksek lisans programlar\u0131 \u015funlard\u0131r:<\/p>\n\n\n\n<ul class=\"wp-block-list\">\n<li><strong>Geli\u015fmi\u015f Malzeme Bilimi<\/strong><strong><br><\/strong><\/li>\n\n\n\n<li><strong>Uygulamal\u0131 ve M\u00fchendislik Fizi\u011fi<\/strong><strong><br><\/strong><\/li>\n\n\n\n<li><strong>Haberle\u015fme M\u00fchendisli\u011fi<\/strong><strong><br><\/strong><\/li>\n\n\n\n<li><strong>Hesaplamal\u0131 Mekanik<\/strong><strong><br><\/strong><\/li>\n\n\n\n<li><strong>\u00c7evre M\u00fchendisli\u011fi<\/strong><strong><br><\/strong><\/li>\n\n\n\n<li><strong>Epidemiyoloji<\/strong><strong><br><\/strong><\/li>\n\n\n\n<li><strong>Avrupa Y\u00f6netim Bilimi<\/strong><strong><br><\/strong><\/li>\n<\/ul>\n\n\n\n<p>Bu programlar, teorik altyap\u0131n\u0131n yan\u0131nda laboratuvar \u00e7al\u0131\u015fmalar\u0131 ve end\u00fcstri projeleriyle desteklenir. Not: Lisans d\u00fczeyinde \u0130ngilizce program say\u0131s\u0131 s\u0131n\u0131rl\u0131d\u0131r. Ba\u015fvurmak isteyen \u00f6\u011frencilerin IELTS, TOEFL veya PTE gibi s\u0131navlarla \u0130ngilizce yeterlili\u011fini belgelemeleri gerekir. G\u00fcncel program bilgileri i\u00e7in TUM\u2019un resmi web sitesi d\u00fczenli olarak kontrol edilmelidir.<\/p>\n\n\n\n<h2 class=\"wp-block-heading\"><strong>4. Almanya\u2019n\u0131n En Ya\u015fanabilir \u015eehirlerinden Biri: M\u00fcnih<\/strong><\/h2>\n\n\n\n<figure class=\"wp-block-image alignleft size-large is-resized\"><img loading=\"lazy\" decoding=\"async\" width=\"1024\" height=\"683\" src=\"https:\/\/unideyim.com\/blog\/wp-content\/uploads\/2025\/05\/muenchen-stadtblick-1024x683.jpg\" alt=\"\" class=\"wp-image-314\" style=\"width:449px;height:auto\" srcset=\"https:\/\/unideyim.com\/blog\/wp-content\/uploads\/2025\/05\/muenchen-stadtblick-1024x683.jpg 1024w, https:\/\/unideyim.com\/blog\/wp-content\/uploads\/2025\/05\/muenchen-stadtblick-300x200.jpg 300w, https:\/\/unideyim.com\/blog\/wp-content\/uploads\/2025\/05\/muenchen-stadtblick-768x512.jpg 768w, https:\/\/unideyim.com\/blog\/wp-content\/uploads\/2025\/05\/muenchen-stadtblick.jpg 1487w\" sizes=\"auto, (max-width: 1024px) 100vw, 1024px\" \/><\/figure>\n\n\n\n<p>M\u00fcnih, y\u00fcksek ya\u015fam kalitesi ve g\u00fcvenli yap\u0131s\u0131yla Almanya\u2019n\u0131n en ya\u015fanabilir \u015fehirleri aras\u0131nda yer al\u0131r. Uluslararas\u0131 \u00f6\u011frenciler i\u00e7in hem sosyal a\u00e7\u0131dan canl\u0131 bir ortam sunar hem de k\u00fclt\u00fcrel olarak zengin etkinliklerle doludur. Oktoberfest\u2019ten sanat galerilerine, \u0130ngiliz Bah\u00e7esi\u2019nden Alp Da\u011flar\u0131\u2019na kadar geni\u015f bir sosyal yelpazeye sahiptir.<\/p>\n\n\n\n<p>Ayr\u0131ca teknoloji ve m\u00fchendislik a\u00e7\u0131s\u0131ndan Avrupa&#8217;n\u0131n merkezi konumundaki M\u00fcnih, \u00f6\u011frencilerin i\u015f ve staj bulma olanaklar\u0131n\u0131 da ciddi bi\u00e7imde art\u0131r\u0131r. Ancak: M\u00fcnih, Almanya&#8217;n\u0131n en pahal\u0131 \u015fehirlerinden biridir. 1+1 daire kiralar\u0131 \u015fehir merkezinde 1.500-2.000 \u20ac aras\u0131nda olabilir. Ev bulmak olduk\u00e7a rekabet\u00e7idir ve ba\u015fvurular i\u00e7in erken davranmak b\u00fcy\u00fck avantaj sa\u011flar. Immobilienscout24, WG-Gesucht gibi siteler ev bulmak i\u00e7in yayg\u0131n \u015fekilde kullan\u0131lmaktad\u0131r.<\/p>\n\n\n\n<h2 class=\"wp-block-heading\"><strong>5. Almanya\u2019da En Fazla Burs Alan \u00dcniversitelerden Biri<\/strong><\/h2>\n\n\n\n<p>TUM, DAAD, BAYHOST gibi kurulu\u015flar \u00fczerinden uluslararas\u0131 \u00f6\u011frencilere \u00e7e\u015fitli burs imkanlar\u0131 sunar. Bu burslar, hem akademik ba\u015far\u0131ya hem de maddi ihtiya\u00e7lara g\u00f6re \u015fekillenir.<\/p>\n\n\n\n<p>T\u00fcrk \u00f6\u011frenciler i\u00e7in de ba\u015far\u0131 burslar\u0131n\u0131n yan\u0131 s\u0131ra sosyal duruma g\u00f6re sa\u011flanan destekler mevcuttur. Ayr\u0131ca baz\u0131 programlar kendi \u00f6zel burslar\u0131na sahiptir ve ba\u015fvurular do\u011frudan b\u00f6l\u00fcmler arac\u0131l\u0131\u011f\u0131yla yap\u0131labilir. Bu sayede, \u00f6\u011frenciler \u00f6\u011frenim \u00fccretlerini ve ya\u015fam giderlerini dengeleyerek e\u011fitimlerine odaklanabilir.<\/p>\n\n\n\n<figure class=\"wp-block-image alignleft size-full is-resized\"><img loading=\"lazy\" decoding=\"async\" width=\"700\" height=\"802\" src=\"https:\/\/unideyim.com\/blog\/wp-content\/uploads\/2025\/05\/tum.jpg\" alt=\"\" class=\"wp-image-313\" style=\"width:231px;height:auto\" srcset=\"https:\/\/unideyim.com\/blog\/wp-content\/uploads\/2025\/05\/tum.jpg 700w, https:\/\/unideyim.com\/blog\/wp-content\/uploads\/2025\/05\/tum-262x300.jpg 262w\" sizes=\"auto, (max-width: 700px) 100vw, 700px\" \/><\/figure>\n\n\n\n<h2 class=\"wp-block-heading\"><strong>6. \u00dcniversitenin Prestiji ve Akademik Kalitesi<\/strong><\/h2>\n\n\n\n<p>TUM, Almanya\u2019da \u201cExzellenzinitiative\u201d (M\u00fckemmeliyet Giri\u015fimi) kapsam\u0131nda \u00f6d\u00fcllendirilmi\u015f bir \u00fcniversitedir. Bu etiket, yaln\u0131zca \u00fcst d\u00fczey ara\u015ft\u0131rma, e\u011fitim kalitesi ve uluslararas\u0131 i\u015f birlikleri sa\u011flayan \u00fcniversitelere verilir.<\/p>\n\n\n\n<p>\u00dcniversite b\u00fcnyesinde faaliyet g\u00f6steren \u00e7ok say\u0131da ara\u015ft\u0131rma merkezi ve laboratuvar, \u00f6\u011frencilerin bilimsel projelerde aktif rol almas\u0131na olanak tan\u0131r. Profes\u00f6rlerden doktora \u00f6\u011frencilerine kadar herkesin dahil oldu\u011fu \u00fcretken bir akademik ortam mevcuttur. Bu sayede, TUM mezunlar\u0131 d\u00fcnyan\u0131n \u00f6nde gelen akademik kurumlar\u0131 ve \u015firketleri taraf\u0131ndan tercih edilen profesyoneller haline gelir.<\/p>\n\n\n\n<p><\/p>\n\n\n\n<h2 class=\"wp-block-heading\"><strong>Dikkat Edilmesi Gerekenler: Yeni \u00d6\u011frenim \u00dccretleri ve Semesterbeitrag<\/strong><\/h2>\n\n\n\n<p>2024\/25 K\u0131\u015f D\u00f6nemi\u2019nden itibaren, TUM AB vatanda\u015f\u0131 olmayan \u00f6\u011frenciler i\u00e7in \u00f6\u011frenim \u00fccreti uygulamaya ba\u015flam\u0131\u015ft\u0131r:<\/p>\n\n\n\n<ul class=\"wp-block-list\">\n<li><strong>Lisans programlar\u0131:<\/strong> D\u00f6nemlik 2.000\u20133.000 \u20ac<br><\/li>\n\n\n\n<li><strong>Y\u00fcksek lisans programlar\u0131:<\/strong> D\u00f6nemlik 4.000\u20136.000 \u20ac<br><\/li>\n<\/ul>\n\n\n\n<p>Bu uygulama, sadece 2024\/25 d\u00f6nemi ve sonras\u0131nda kay\u0131t yapt\u0131ran yeni \u00f6\u011frencileri kapsar. H\u00e2lihaz\u0131rda e\u011fitim g\u00f6ren \u00f6\u011frenciler bu \u00fccretten muaft\u0131r. Ayr\u0131ca her \u00f6\u011frenci, d\u00f6nemlik yakla\u015f\u0131k 130 \u20ac olan bir \u00f6\u011frenci katk\u0131 pay\u0131 (Semesterbeitrag) \u00f6demekle y\u00fck\u00fcml\u00fcd\u00fcr. Bu katk\u0131, kamp\u00fcs i\u00e7i spor tesislerinden ula\u015f\u0131m kartlar\u0131na kadar pek \u00e7ok \u00f6\u011frenci hizmetini kapsar. E\u011fitim plan\u0131n\u0131z\u0131 yaparken bu maliyetleri g\u00f6z \u00f6n\u00fcnde bulundurman\u0131z \u00f6nemlidir.<\/p>\n\n\n\n<hr class=\"wp-block-separator has-alpha-channel-opacity\" \/>\n\n\n\n<p>TU M\u00fcnchen, uluslararas\u0131 akademik itibar\u0131, mezunlar\u0131na sundu\u011fu i\u015f f\u0131rsatlar\u0131, geni\u015f \u0130ngilizce program se\u00e7enekleri ve modern kamp\u00fcs\u00fcyle Almanya\u2019da e\u011fitim almak isteyen \u00f6\u011frenciler i\u00e7in harika bir se\u00e7enektir. E\u011fer kaliteli bir e\u011fitim almak, g\u00fc\u00e7l\u00fc bir kariyer yapmak ve Avrupa\u2019n\u0131n merkezinde ya\u015famak istiyorsan\u0131z, TU M\u00fcnchen sizin i\u00e7in ideal bir tercih olabilir. TU M\u00fcnchen\u2019da e\u011fitim hayalinizi ger\u00e7ekle\u015ftirmek i\u00e7in bize ula\u015f\u0131n ve hayallerinize kavu\u015fman\u0131zda size yard\u0131mc\u0131 olal\u0131m. Siz hayal edin, biz ger\u00e7e\u011fe d\u00f6n\u00fc\u015ft\u00fcrelim! <strong>Uzman e\u011fitim dan\u0131\u015fmanlar\u0131m\u0131zdan \u00dccretsiz Randevu Almak i\u00e7in T\u0131klay\u0131n!<\/strong><\/p>\n","protected":false},"excerpt":{"rendered":"<p>Almanya, kaliteli e\u011fitimi, d\u00fc\u015f\u00fck \u00f6\u011frenim \u00fccretleri ve uluslararas\u0131 kariyer olanaklar\u0131yla her y\u0131l binlerce yabanc\u0131 \u00f6\u011frenciyi kendine \u00e7ekiyor. Bu \u00fclkenin en prestijli teknik \u00fcniversitelerinden biri olan Technische Universit\u00e4t M\u00fcnchen (TUM), \u00f6zellikle m\u00fchendislik ve teknoloji alan\u0131nda sundu\u011fu \u00fcst d\u00fczey e\u011fitimle dikkat \u00e7ekiyor. Peki TUM\u2019u bu kadar \u00f6zel k\u0131lan nedir? Gelin yak\u0131ndan bakal\u0131m.<\/p>\n","protected":false},"author":2,"featured_media":0,"comment_status":"open","ping_status":"open","sticky":false,"template":"","format":"standard","meta":{"footnotes":""},"categories":[4],"tags":[47,74,25,8,10,64,14,82,81],"class_list":["post-312","post","type-post","status-publish","format-standard","hentry","category-universiteler","tag-almanyada-ingilizce-egitim","tag-almanyada-muhendislik","tag-almanyada-ogrenci-olmak","tag-almanyada-egitim","tag-almayada-universite","tag-munih","tag-semesterbeitrag","tag-technische-universitat-munchen","tag-tum"],"_links":{"self":[{"href":"https:\/\/unideyim.com\/blog\/index.php?rest_route=\/wp\/v2\/posts\/312","targetHints":{"allow":["GET"]}}],"collection":[{"href":"https:\/\/unideyim.com\/blog\/index.php?rest_route=\/wp\/v2\/posts"}],"about":[{"href":"https:\/\/unideyim.com\/blog\/index.php?rest_route=\/wp\/v2\/types\/post"}],"author":[{"embeddable":true,"href":"https:\/\/unideyim.com\/blog\/index.php?rest_route=\/wp\/v2\/users\/2"}],"replies":[{"embeddable":true,"href":"https:\/\/unideyim.com\/blog\/index.php?rest_route=%2Fwp%2Fv2%2Fcomments&post=312"}],"version-history":[{"count":1,"href":"https:\/\/unideyim.com\/blog\/index.php?rest_route=\/wp\/v2\/posts\/312\/revisions"}],"predecessor-version":[{"id":317,"href":"https:\/\/unideyim.com\/blog\/index.php?rest_route=\/wp\/v2\/posts\/312\/revisions\/317"}],"wp:attachment":[{"href":"https:\/\/unideyim.com\/blog\/index.php?rest_route=%2Fwp%2Fv2%2Fmedia&parent=312"}],"wp:term":[{"taxonomy":"category","embeddable":true,"href":"https:\/\/unideyim.com\/blog\/index.php?rest_route=%2Fwp%2Fv2%2Fcategories&post=312"},{"taxonomy":"post_tag","embeddable":true,"href":"https:\/\/unideyim.com\/blog\/index.php?rest_route=%2Fwp%2Fv2%2Ftags&post=312"}],"curies":[{"name":"wp","href":"https:\/\/api.w.org\/{rel}","templated":true}]}}