{"id":326,"date":"2025-11-30T13:28:43","date_gmt":"2025-11-30T13:28:43","guid":{"rendered":"https:\/\/unideyim.com\/blog\/?p=326"},"modified":"2026-03-27T14:19:46","modified_gmt":"2026-03-27T14:19:46","slug":"almanyada-universite-okuyacak-ogrenciler-icin-at11-ve-at21-saglik-sigortasi-rehberi","status":"publish","type":"post","link":"https:\/\/unideyim.com\/blog\/?p=326","title":{"rendered":"Almanya\u2019da \u00dcniversite Okuyacak \u00d6\u011frenciler \u0130\u00e7in AT11 ve AT21 Sa\u011fl\u0131k Sigortas\u0131 Rehberi"},"content":{"rendered":"\n<figure class=\"wp-block-image alignright size-full is-resized\"><img loading=\"lazy\" decoding=\"async\" width=\"591\" height=\"351\" src=\"https:\/\/unideyim.com\/blog\/wp-content\/uploads\/2025\/11\/kurumsal-logo-2.png\" alt=\"\" class=\"wp-image-327\" style=\"width:452px;height:auto\" srcset=\"https:\/\/unideyim.com\/blog\/wp-content\/uploads\/2025\/11\/kurumsal-logo-2.png 591w, https:\/\/unideyim.com\/blog\/wp-content\/uploads\/2025\/11\/kurumsal-logo-2-300x178.png 300w\" sizes=\"auto, (max-width: 591px) 100vw, 591px\" \/><\/figure>\n\n\n\n<p>Almanya\u2019da \u00fcniversite e\u011fitimi almak isteyen \u00f6\u011frenciler i\u00e7in sa\u011fl\u0131k sigortas\u0131 yaln\u0131zca bir evrak de\u011fil, ayn\u0131 zamanda vize ba\u015fvurusu ve \u00fcniversite kayd\u0131 i\u00e7in <em>zorunlu<\/em> bir ad\u0131md\u0131r. Bu s\u00fcre\u00e7te s\u0131k\u00e7a kar\u015f\u0131la\u015f\u0131lan AT11 ve AT21 sa\u011fl\u0131k sigortas\u0131 belgeleri, T\u00fcrkiye ile Almanya aras\u0131ndaki sosyal g\u00fcvenlik anla\u015fmalar\u0131 kapsam\u0131nda sunulan avantajl\u0131 sistemlerdir.<\/p>\n\n\n\n<p>Bu rehberde, AT11 ve AT21 belgelerinin ne oldu\u011funu, nas\u0131l al\u0131nd\u0131\u011f\u0131n\u0131 ve aralar\u0131ndaki farklar\u0131 detayl\u0131 bir \u015fekilde bulabilirsiniz.<\/p>\n\n\n\n<hr class=\"wp-block-separator has-alpha-channel-opacity\" \/>\n\n\n\n<h2 class=\"wp-block-heading\"><strong>AT11 Sa\u011fl\u0131k Sigortas\u0131 Nedir?<\/strong><\/h2>\n\n\n\n<p><strong>AT11<\/strong>, T\u00fcrkiye\u2019den Almanya\u2019ya e\u011fitim amac\u0131yla giden \u00f6\u011frencilerin, Almanya\u2019da ge\u00e7ici s\u00fcreyle sa\u011fl\u0131k hizmetlerinden yararlanmas\u0131n\u0131 sa\u011flayan resm\u00ee bir sa\u011fl\u0131k sigortas\u0131 belgesidir. Bu belge, T\u00fcrkiye ile Almanya aras\u0131ndaki ikili sosyal g\u00fcvenlik anla\u015fmas\u0131 kapsam\u0131nda d\u00fczenlenir.<\/p>\n\n\n\n<p>\ud83d\udd39 <strong>Ge\u00e7erlilik S\u00fcresi:<\/strong> 6 ay<br>\ud83d\udd39 <strong>Kapsam:<\/strong> Temel sa\u011fl\u0131k hizmetlerini i\u00e7erir<br>\ud83d\udd39 <strong>Kullan\u0131m Alan\u0131:<\/strong> \u00dcniversiteye kay\u0131t, vize ba\u015fvurusu ve sa\u011fl\u0131k hizmetlerinden faydalanma<\/p>\n\n\n\n<h3 class=\"wp-block-heading\"><strong>Ne \u0130\u015fe Yarar?<\/strong><\/h3>\n\n\n\n<ul class=\"wp-block-list\">\n<li>Almanya\u2019da devlet sa\u011fl\u0131k sigortas\u0131 sistemine dahil olmadan baz\u0131 sa\u011fl\u0131k hizmetlerinden yararlanman\u0131 sa\u011flar<\/li>\n\n\n\n<li>\u00dcniversiteye kay\u0131t s\u0131ras\u0131nda sigorta \u015fart\u0131n\u0131 kar\u015f\u0131lamana yard\u0131mc\u0131 olur<\/li>\n\n\n\n<li>Sa\u011fl\u0131k hizmetlerinden SGK arac\u0131l\u0131\u011f\u0131yla \u00fccretsiz veya d\u00fc\u015f\u00fck maliyetle faydalanman\u0131 sa\u011flar<br><\/li>\n<\/ul>\n\n\n\n<hr class=\"wp-block-separator has-alpha-channel-opacity\" \/>\n\n\n\n<h2 class=\"wp-block-heading\"><strong>AT11 Belgesi Nas\u0131l Al\u0131n\u0131r?<\/strong><\/h2>\n\n\n\n<p>AT11 belgesini T\u00fcrkiye&#8217;deki Sosyal G\u00fcvenlik Kurumu&#8217;ndan (SGK) alabilirsin. \u0130\u015fte ad\u0131m ad\u0131m ba\u015fvuru s\u00fcreci:<\/p>\n\n\n\n<h3 class=\"wp-block-heading\"><strong>1. SGK\u2019ya Ba\u015fvuru<\/strong><\/h3>\n\n\n\n<ul class=\"wp-block-list\">\n<li>T\u00fcrkiye\u2019de bir sosyal g\u00fcvenlik sistemine ba\u011fl\u0131 olmal\u0131s\u0131n<\/li>\n\n\n\n<li>Ba\u015fvuruyu bizzat SGK\u2019ya giderek veya e-Devlet \u00fczerinden yapabilirsin.<\/li>\n<\/ul>\n\n\n\n<h3 class=\"wp-block-heading\"><strong>2. Gerekli Belgeler<\/strong><\/h3>\n\n\n\n<ul class=\"wp-block-list\">\n<li>T.C. kimlik belgesi<\/li>\n\n\n\n<li>Almanya\u2019daki \u00fcniversiteden kabul mektubu ya da \u00f6\u011frenci belgesi<\/li>\n\n\n\n<li>Kabul\u00fcn\u00fcz ya da kayd\u0131n\u0131z olan \u00fcniversiteye ait Okul Tan\u0131ma Belgesi<\/li>\n\n\n\n<li>Aile bireyinin SGK&#8217;ya ba\u011fl\u0131 oldu\u011funu g\u00f6steren belge (e\u011fer kendi sigortan yoksa)<\/li>\n<\/ul>\n\n\n\n<h3 class=\"wp-block-heading\"><strong>3. Belgenin Al\u0131nmas\u0131<\/strong><\/h3>\n\n\n\n<ul class=\"wp-block-list\">\n<li>Ba\u015fvurunuz onayland\u0131\u011f\u0131nda, SGK taraf\u0131ndan AT11 belgesi d\u00fczenlenir<\/li>\n\n\n\n<li>Resmi kurumlarda \u0131slak imzal\u0131 istenece\u011fi i\u00e7in Almanya&#8217;ya bu belge mutlaka yan\u0131n\u0131zda g\u00f6t\u00fcr\u00fclmelidir, .<\/li>\n<\/ul>\n\n\n\n<h3 class=\"wp-block-heading\"><strong>4. Almanya\u2019da Bildirim (Opsiyonel Ama \u00d6nerilir)<\/strong><\/h3>\n\n\n\n<ul class=\"wp-block-list\">\n<li>Almanya\u2019daki bir devlet sa\u011fl\u0131k sigortas\u0131 kurulu\u015funa (\u00f6rne\u011fin AOK, TK, Barmer) giderek AT11 belgesini onaylatabilirsiniz.<\/li>\n\n\n\n<li>Baz\u0131 sigorta \u015firketleri bu belgeye ek olarak \u00f6zel sa\u011fl\u0131k sigortas\u0131 talep edebilir.<\/li>\n<\/ul>\n\n\n\n<figure class=\"wp-block-image alignleft size-full is-resized\"><img loading=\"lazy\" decoding=\"async\" width=\"1024\" height=\"683\" src=\"https:\/\/unideyim.com\/blog\/wp-content\/uploads\/2025\/11\/Krankenhausflur-fur-Homepage.jpeg\" alt=\"\" class=\"wp-image-328\" style=\"width:335px;height:auto\" srcset=\"https:\/\/unideyim.com\/blog\/wp-content\/uploads\/2025\/11\/Krankenhausflur-fur-Homepage.jpeg 1024w, https:\/\/unideyim.com\/blog\/wp-content\/uploads\/2025\/11\/Krankenhausflur-fur-Homepage-300x200.jpeg 300w, https:\/\/unideyim.com\/blog\/wp-content\/uploads\/2025\/11\/Krankenhausflur-fur-Homepage-768x512.jpeg 768w\" sizes=\"auto, (max-width: 1024px) 100vw, 1024px\" \/><\/figure>\n\n\n\n<hr class=\"wp-block-separator has-alpha-channel-opacity\" \/>\n\n\n\n<h2 class=\"wp-block-heading\"><strong>Kimler AT11 Belgesi Alabilir?<\/strong><\/h2>\n\n\n\n<ul class=\"wp-block-list\">\n<li>Almanya\u2019ya lisans, y\u00fcksek lisans veya Erasmus program\u0131yla giden \u00f6\u011frenciler<\/li>\n\n\n\n<li>25 ya\u015f alt\u0131 erkek \u00f6\u011frenciler<\/li>\n\n\n\n<li>Kad\u0131n \u00f6\u011frenciler i\u00e7in ya\u015f s\u0131n\u0131r\u0131 yoktur ancak \u00e7al\u0131\u015fm\u0131yor ve bek\u00e2r olmalar\u0131 gerekir<\/li>\n\n\n\n<li>Dil kursu veya staj programlar\u0131na kat\u0131lan \u00f6\u011frenciler (duruma g\u00f6re)<br><\/li>\n<\/ul>\n\n\n\n<hr class=\"wp-block-separator has-alpha-channel-opacity\" \/>\n\n\n\n<h2 class=\"wp-block-heading\"><strong>AT21 Sa\u011fl\u0131k Sigortas\u0131 Nedir?<\/strong><\/h2>\n\n\n\n<p><strong>AT21<\/strong>, Almanya\u2019da uzun s\u00fcreli (12 aya kadar) kalan ve T\u00fcrkiye\u2019deki SGK sistemine kay\u0131tl\u0131 olan bireylerin Almanya\u2019da sa\u011fl\u0131k hizmetlerinden faydalanmas\u0131n\u0131 sa\u011flayan bir belgedir. AT21 ba\u015fvurusu ancak Almanya\u2019da 183 g\u00fcn\u00fc doldurduktan sonra yap\u0131labilir. Bu belge de t\u0131pk\u0131 AT11 gibi Almanya\u2019daki sa\u011fl\u0131k hizmetlerinden faydalanma olana\u011f\u0131 tan\u0131r. AT11\u2019in daha uzun s\u00fcreli versiyonu olarak d\u00fc\u015f\u00fcn\u00fclebilir.<\/p>\n\n\n\n<p>\ud83d\udd39 <strong>Ge\u00e7erlilik S\u00fcresi:<\/strong> 12 ay<br>\ud83d\udd39 <strong>Ko\u015ful:<\/strong> <strong>Almanya\u2019da 183 g\u00fcn (yakla\u015f\u0131k 6 ay) T\u00fcrkiye&#8217;ye giri\u015f yapmadan bulunmu\u015f olman gerekir<\/strong><br>\ud83d\udd39 <strong>Kapsam:<\/strong> AT11 ile ayn\u0131d\u0131r<\/p>\n\n\n\n<hr class=\"wp-block-separator has-alpha-channel-opacity\" \/>\n\n\n\n<h2 class=\"wp-block-heading\"><strong>AT21 Belgesi Nas\u0131l Al\u0131n\u0131r?<\/strong><\/h2>\n\n\n\n<p>AT21 belgesi, ba\u011fl\u0131 oldu\u011fun ilin ya da il\u00e7enin SGK m\u00fcd\u00fcrl\u00fc\u011f\u00fcnden temin edilir. Gerekli belgeler ve ba\u015fvuru s\u00fcreci neredeyse AT11 ile ayn\u0131d\u0131r:<\/p>\n\n\n\n<ul class=\"wp-block-list\">\n<li>Kimlik belgesi<\/li>\n\n\n\n<li>Almanya\u2019daki kabul mektubu ya da \u00f6\u011frenci belgesi<\/li>\n\n\n\n<li>Aile bireyinin SGK\u2019ya kay\u0131tl\u0131 oldu\u011funa dair belge<\/li>\n\n\n\n<li>Yurda giri\u015f-\u00e7\u0131k\u0131\u015f belgesi (E-Devlet \u00fczerinden al\u0131nabilir.)<\/li>\n<\/ul>\n\n\n\n<hr class=\"wp-block-separator has-alpha-channel-opacity\" \/>\n\n\n\n<figure class=\"wp-block-image alignright size-large is-resized\"><img loading=\"lazy\" decoding=\"async\" width=\"1024\" height=\"576\" src=\"https:\/\/unideyim.com\/blog\/wp-content\/uploads\/2025\/11\/klinik-atlas-krankenhaus-rating-100-1920x1080-1-1024x576.jpg\" alt=\"\" class=\"wp-image-329\" style=\"width:521px;height:auto\" srcset=\"https:\/\/unideyim.com\/blog\/wp-content\/uploads\/2025\/11\/klinik-atlas-krankenhaus-rating-100-1920x1080-1-1024x576.jpg 1024w, https:\/\/unideyim.com\/blog\/wp-content\/uploads\/2025\/11\/klinik-atlas-krankenhaus-rating-100-1920x1080-1-300x169.jpg 300w, https:\/\/unideyim.com\/blog\/wp-content\/uploads\/2025\/11\/klinik-atlas-krankenhaus-rating-100-1920x1080-1-768x432.jpg 768w, https:\/\/unideyim.com\/blog\/wp-content\/uploads\/2025\/11\/klinik-atlas-krankenhaus-rating-100-1920x1080-1-1536x864.jpg 1536w, https:\/\/unideyim.com\/blog\/wp-content\/uploads\/2025\/11\/klinik-atlas-krankenhaus-rating-100-1920x1080-1.jpg 1920w\" sizes=\"auto, (max-width: 1024px) 100vw, 1024px\" \/><\/figure>\n\n\n\n<h2 class=\"wp-block-heading\"><strong>Bilinmesi Gereken Ek Bilgiler<\/strong><\/h2>\n\n\n\n<ul class=\"wp-block-list\">\n<li>AT11 ve AT21 belgeleri Almanya\u2019dan da uzat\u0131labilir. Baz\u0131 durumlarda AOK, TK gibi sigorta \u015firketleri bu konuda destek sunar.<br><\/li>\n\n\n\n<li>Aile bireylerinden biri belgelerin yenilenmesini T\u00fcrkiye\u2019den ger\u00e7ekle\u015ftirebilir.<br><\/li>\n\n\n\n<li>Belge yenileme i\u015flemleri i\u00e7in her defas\u0131nda \u00f6\u011frenci belgesi sunulmal\u0131d\u0131r.<br><\/li>\n\n\n\n<li>AT11\u2019in ge\u00e7erlilik s\u00fcresi doldu\u011funda \u00f6zel veya devlet sa\u011fl\u0131k sigortas\u0131 yapt\u0131rman gerekebilir.<br><\/li>\n<\/ul>\n\n\n\n<p>Sa\u011fl\u0131k sigortas\u0131, Almanya\u2019daki akademik ve g\u00fcnl\u00fck ya\u015fam\u0131n temel ta\u015flar\u0131ndan biridir. Vize s\u00fcrecinde, \u00fcniversite kayd\u0131nda ve oradaki ya\u015fam\u0131n\u0131z boyunca sorun ya\u015famamak i\u00e7in do\u011fru sa\u011fl\u0131k sigortas\u0131na sahip olman\u0131z b\u00fcy\u00fck \u00f6nem ta\u015f\u0131r.<\/p>\n\n\n\n<p>Zaman\u0131n\u0131z\u0131 bo\u015fa harcamay\u0131n! T\u00fcm bu karma\u015f\u0131k detaylarla biz ilgilenirken siz sadece e\u011fitiminize odaklanabilirsiniz. Almanya\u2019da e\u011fitim hayalinizi ger\u00e7ekle\u015ftirmek i\u00e7in bize ula\u015f\u0131n ve bu s\u00fcreci kolayca atlatman\u0131za yard\u0131mc\u0131 olal\u0131m. Siz hayal edin, biz ger\u00e7e\u011fe d\u00f6n\u00fc\u015ft\u00fcrelim! Uzman e\u011fitim dan\u0131\u015fmanlar\u0131m\u0131zdan <a href=\"https:\/\/calendly.com\/d\/cngm-hy5-qkb\/almanya-hedefinize-uzman-ekibimizle-ilk-adimi-atin?fbclid=PAZXh0bgNhZW0CMTEAAabSW3QnA1l4jnHXClAndRzJDS37WcfRHluplYgaNaF5KVpZjkKzZVOEN0U_aem_xnHWI1dCN0liGHXd2eYZXw&amp;month=2025-05\"><strong>\u00dccretsiz Randevu Almak i\u00e7in T\u0131klay\u0131n!<\/strong><\/a><\/p>\n\n\n\n<p><\/p>\n","protected":false},"excerpt":{"rendered":"<p>Almanya, sundu\u011fu y\u00fcksek ya\u015fam standartlar\u0131 ve \u00f6\u011frenci dostu imk\u00e2nlar\u0131yla her y\u0131l daha fazla genci kendine \u00e7ekiyor. Ancak Almanya\u2019ya gelmeden \u00f6nce at\u0131lmas\u0131 gereken en kritik ad\u0131mlardan biri var: do\u011fru sa\u011fl\u0131k sigortas\u0131 belgesini se\u00e7mek. AT11 ve AT21 belgeleri bir\u00e7ok \u00f6\u011frencinin kafas\u0131n\u0131 kar\u0131\u015ft\u0131rsa da asl\u0131nda s\u00fcre\u00e7 do\u011fru anlat\u0131ld\u0131\u011f\u0131nda olduk\u00e7a kolay. Peki bu belgeler neden bu kadar \u00f6nemli ve hangisi sana uygun? Gelin birlikte ke\u015ffedelim.<\/p>\n","protected":false},"author":2,"featured_media":0,"comment_status":"open","ping_status":"open","sticky":false,"template":"","format":"standard","meta":{"footnotes":""},"categories":[1],"tags":[25,86,10,84,85,87],"class_list":["post-326","post","type-post","status-publish","format-standard","hentry","category-uncategorized","tag-almanyada-ogrenci-olmak","tag-almanyada-saglik","tag-almayada-universite","tag-at11","tag-at21","tag-sgk"],"_links":{"self":[{"href":"https:\/\/unideyim.com\/blog\/index.php?rest_route=\/wp\/v2\/posts\/326","targetHints":{"allow":["GET"]}}],"collection":[{"href":"https:\/\/unideyim.com\/blog\/index.php?rest_route=\/wp\/v2\/posts"}],"about":[{"href":"https:\/\/unideyim.com\/blog\/index.php?rest_route=\/wp\/v2\/types\/post"}],"author":[{"embeddable":true,"href":"https:\/\/unideyim.com\/blog\/index.php?rest_route=\/wp\/v2\/users\/2"}],"replies":[{"embeddable":true,"href":"https:\/\/unideyim.com\/blog\/index.php?rest_route=%2Fwp%2Fv2%2Fcomments&post=326"}],"version-history":[{"count":1,"href":"https:\/\/unideyim.com\/blog\/index.php?rest_route=\/wp\/v2\/posts\/326\/revisions"}],"predecessor-version":[{"id":330,"href":"https:\/\/unideyim.com\/blog\/index.php?rest_route=\/wp\/v2\/posts\/326\/revisions\/330"}],"wp:attachment":[{"href":"https:\/\/unideyim.com\/blog\/index.php?rest_route=%2Fwp%2Fv2%2Fmedia&parent=326"}],"wp:term":[{"taxonomy":"category","embeddable":true,"href":"https:\/\/unideyim.com\/blog\/index.php?rest_route=%2Fwp%2Fv2%2Fcategories&post=326"},{"taxonomy":"post_tag","embeddable":true,"href":"https:\/\/unideyim.com\/blog\/index.php?rest_route=%2Fwp%2Fv2%2Ftags&post=326"}],"curies":[{"name":"wp","href":"https:\/\/api.w.org\/{rel}","templated":true}]}}