{"id":348,"date":"2026-04-09T11:00:00","date_gmt":"2026-04-09T11:00:00","guid":{"rendered":"https:\/\/unideyim.com\/blog\/?p=348"},"modified":"2026-03-27T14:28:14","modified_gmt":"2026-03-27T14:28:14","slug":"almanyada-architektur-mimarlik-okumak","status":"publish","type":"post","link":"https:\/\/unideyim.com\/blog\/?p=348","title":{"rendered":"Almanya\u2019da Architektur (Mimarl\u0131k) Lisans E\u011fitimi"},"content":{"rendered":"\n<p>Bir binaya bakt\u0131\u011f\u0131nda sadece d\u0131\u015f g\u00f6r\u00fcn\u00fc\u015f\u00fcn\u00fc m\u00fc g\u00f6r\u00fcyorsun, yoksa arkas\u0131ndaki fikri, eme\u011fi ve tasar\u0131m s\u00fcrecini de merak ediyor musun? Ya\u015fad\u0131\u011f\u0131n \u015fehirlerin neden o \u015fekilde planland\u0131\u011f\u0131n\u0131, insanlar\u0131n bir mek\u00e2nda neden kendini iyi ya da k\u00f6t\u00fc hissetti\u011fini hi\u00e7 d\u00fc\u015f\u00fcnd\u00fcn m\u00fc? Mimarl\u0131k tam olarak bu sorularla ba\u015flar. Almanya\u2019da mimarl\u0131k okumak ise bu merak\u0131 profesyonel bir yetkinli\u011fe d\u00f6n\u00fc\u015ft\u00fcrmenin en g\u00fc\u00e7l\u00fc yollar\u0131ndan biri. Ama bu yol sand\u0131\u011f\u0131n kadar kolay m\u0131, yoksa ger\u00e7ekten sana uygun mu? Gel birlikte Almanya&#8217;da mimarl\u0131k e\u011fitimini inceleyelim.<\/p>\n\n\n\n<hr class=\"wp-block-separator has-alpha-channel-opacity\" \/>\n\n\n\n<h2 class=\"wp-block-heading\">Mimarl\u0131k nedir?<\/h2>\n\n\n\n<p>Architektur (Mimarl\u0131k), insanlar\u0131n ya\u015fad\u0131\u011f\u0131, \u00e7al\u0131\u015ft\u0131\u011f\u0131 ve vakit ge\u00e7irdi\u011fi t\u00fcm mek\u00e2nlar\u0131n tasarlanmas\u0131n\u0131 kapsayan bir disiplindir. Ancak mimarl\u0131k sadece \u201cbina \u00e7izmek\u201d de\u011fildir. Bu b\u00f6l\u00fcm; estetik, m\u00fchendislik, \u00e7evre bilinci ve insan psikolojisini bir araya getirir.<\/p>\n\n\n\n<figure class=\"wp-block-image alignright size-full is-resized\"><img loading=\"lazy\" decoding=\"async\" width=\"1024\" height=\"558\" src=\"https:\/\/unideyim.com\/blog\/wp-content\/uploads\/2026\/03\/image-5.png\" alt=\"\" class=\"wp-image-349\" style=\"width:746px;height:auto\" srcset=\"https:\/\/unideyim.com\/blog\/wp-content\/uploads\/2026\/03\/image-5.png 1024w, https:\/\/unideyim.com\/blog\/wp-content\/uploads\/2026\/03\/image-5-300x163.png 300w, https:\/\/unideyim.com\/blog\/wp-content\/uploads\/2026\/03\/image-5-768x419.png 768w\" sizes=\"auto, (max-width: 1024px) 100vw, 1024px\" \/><\/figure>\n\n\n\n<p>Bir mimar:<\/p>\n\n\n\n<ul class=\"wp-block-list\">\n<li>Bir yap\u0131n\u0131n nas\u0131l g\u00f6r\u00fcnece\u011fini<\/li>\n\n\n\n<li>Nas\u0131l kullan\u0131laca\u011f\u0131n\u0131<\/li>\n\n\n\n<li>Ne kadar dayan\u0131kl\u0131 olaca\u011f\u0131n\u0131<\/li>\n\n\n\n<li>\u00c7evreyle nas\u0131l uyum sa\u011flayaca\u011f\u0131n\u0131<\/li>\n<\/ul>\n\n\n\n<p>ayn\u0131 anda d\u00fc\u015f\u00fcnmek zorundad\u0131r.<\/p>\n\n\n\n<p>Almanya\u2019da mimarl\u0131k e\u011fitimi \u00f6zellikle <strong>fonksiyonellik ve s\u00fcrd\u00fcr\u00fclebilirlik<\/strong> \u00fczerine yo\u011funla\u015f\u0131r. Yani sadece g\u00fczel g\u00f6r\u00fcnen de\u011fil, ayn\u0131 zamanda enerji verimli, ekonomik ve uzun \u00f6m\u00fcrl\u00fc yap\u0131lar tasarlamak \u00f6n plandad\u0131r.<\/p>\n\n\n\n<p>Bu nedenle mimarl\u0131k, hem teknik hem de sanatsal y\u00f6n\u00fc g\u00fc\u00e7l\u00fc olan nadir b\u00f6l\u00fcmlerden biridir.<\/p>\n\n\n\n<hr class=\"wp-block-separator has-alpha-channel-opacity\" \/>\n\n\n\n<h2 class=\"wp-block-heading\">Bu b\u00f6l\u00fcm kimler i\u00e7in uygun?<\/h2>\n\n\n\n<p>Mimarl\u0131k d\u0131\u015far\u0131dan bak\u0131ld\u0131\u011f\u0131nda olduk\u00e7a \u201chaval\u0131\u201d bir b\u00f6l\u00fcm gibi g\u00f6r\u00fcn\u00fcr. Ancak i\u015fin ger\u00e7e\u011fi, ciddi disiplin ve emek gerektirir.<\/p>\n\n\n\n<p>Bu b\u00f6l\u00fcm sana uygundur e\u011fer:<\/p>\n\n\n\n<ul class=\"wp-block-list\">\n<li>Yeni fikirler \u00fcretmekten keyif al\u0131yorsan<\/li>\n\n\n\n<li>Detaylara dikkat ediyorsan<\/li>\n\n\n\n<li>Saatlerce tek bir proje \u00fczerinde \u00e7al\u0131\u015fabiliyorsan<\/li>\n\n\n\n<li>Ele\u015ftiri almaya a\u00e7\u0131ksan (\u00e7\u00fcnk\u00fc projeler s\u00fcrekli j\u00fcri taraf\u0131ndan de\u011ferlendirilir)<\/li>\n\n\n\n<li>Hem teknik hem yarat\u0131c\u0131 d\u00fc\u015f\u00fcnmeyi bir arada kullanabiliyorsan<\/li>\n<\/ul>\n\n\n\n<p>\u00d6zellikle Almanya\u2019da mimarl\u0131k e\u011fitimi alan \u00f6\u011frencilerin en \u00e7ok zorland\u0131\u011f\u0131 konulardan biri <strong>yo\u011fun proje temposudur<\/strong>. Haftalarca \u00fczerinde \u00e7al\u0131\u015ft\u0131\u011f\u0131n bir projeyi sunars\u0131n ve ciddi geri bildirimler al\u0131rs\u0131n. Bu s\u00fcrece psikolojik olarak haz\u0131r olmak gerekir.<\/p>\n\n\n\n<p>Bu b\u00f6l\u00fcm sana uygun olmayabilir e\u011fer:<\/p>\n\n\n\n<ul class=\"wp-block-list\">\n<li>Sadece \u201c\u00e7izim yapar\u0131m\u201d diye d\u00fc\u015f\u00fcn\u00fcyorsan<\/li>\n\n\n\n<li>Zaman bask\u0131s\u0131 alt\u0131nda \u00e7al\u0131\u015fmak seni zorluyorsa<\/li>\n\n\n\n<li>Grup \u00e7al\u0131\u015fmalar\u0131ndan ho\u015flanm\u0131yorsan<\/li>\n\n\n\n<li>S\u00fcrekli kendini geli\u015ftirme motivasyonun yoksa<\/li>\n<\/ul>\n\n\n\n<p>Mimarl\u0131k bir maraton gibidir, k\u0131sa s\u00fcreli motivasyonla ilerlemek zordur.<\/p>\n\n\n\n<hr class=\"wp-block-separator has-alpha-channel-opacity\" \/>\n\n\n\n<h2 class=\"wp-block-heading\">Almanya\u2019da bu b\u00f6l\u00fcm e\u011fitim s\u00fcresi ve ders i\u00e7erikleri<\/h2>\n\n\n\n<p>Almanya\u2019da mimarl\u0131k e\u011fitimi yap\u0131 olarak olduk\u00e7a sistemlidir ancak \u00fcniversiteden \u00fcniversiteye k\u00fc\u00e7\u00fck farkl\u0131l\u0131klar g\u00f6sterebilir.<\/p>\n\n\n\n<h3 class=\"wp-block-heading\">E\u011fitim s\u00fcresi<\/h3>\n\n\n\n<ul class=\"wp-block-list\">\n<li><strong>Bachelor (Lisans):<\/strong> 6 \u2013 8 d\u00f6nem (3 \u2013 4 y\u0131l)<\/li>\n\n\n\n<li><strong>Master (Y\u00fcksek Lisans):<\/strong> 2 \u2013 4 d\u00f6nem (1 \u2013 2 y\u0131l)<\/li>\n<\/ul>\n\n\n\n<p>\u00d6nemli bir detay:<br>Almanya\u2019da bir\u00e7ok mimarl\u0131k \u00f6\u011frencisi lisans sonras\u0131 do\u011frudan i\u015f bulsa bile, kariyerini ilerletmek ve kendi \u015firketini kurmak i\u00e7in master yapmay\u0131 tercih eder. Ayr\u0131ca baz\u0131 pozisyonlar i\u00e7in y\u00fcksek lisans neredeyse standart hale gelmi\u015ftir.<\/p>\n\n\n\n<hr class=\"wp-block-separator has-alpha-channel-opacity\" \/>\n\n\n\n<figure class=\"wp-block-image alignleft size-large is-resized\"><img loading=\"lazy\" decoding=\"async\" width=\"683\" height=\"1024\" src=\"https:\/\/unideyim.com\/blog\/wp-content\/uploads\/2026\/03\/image-6-683x1024.png\" alt=\"\" class=\"wp-image-350\" style=\"width:368px;height:auto\" srcset=\"https:\/\/unideyim.com\/blog\/wp-content\/uploads\/2026\/03\/image-6-683x1024.png 683w, https:\/\/unideyim.com\/blog\/wp-content\/uploads\/2026\/03\/image-6-200x300.png 200w, https:\/\/unideyim.com\/blog\/wp-content\/uploads\/2026\/03\/image-6-768x1152.png 768w, https:\/\/unideyim.com\/blog\/wp-content\/uploads\/2026\/03\/image-6-1024x1536.png 1024w, https:\/\/unideyim.com\/blog\/wp-content\/uploads\/2026\/03\/image-6-1365x2048.png 1365w, https:\/\/unideyim.com\/blog\/wp-content\/uploads\/2026\/03\/image-6.png 2000w\" sizes=\"auto, (max-width: 683px) 100vw, 683px\" \/><\/figure>\n\n\n\n<h3 class=\"wp-block-heading\">Ders i\u00e7erikleri<\/h3>\n\n\n\n<p>Mimarl\u0131k e\u011fitiminde klasik ezber derslerden \u00e7ok, uygulama ve \u00fcretim \u00f6n plandad\u0131r.<\/p>\n\n\n\n<p>Ba\u015fl\u0131ca dersler:<\/p>\n\n\n\n<ul class=\"wp-block-list\">\n<li><strong>Tasar\u0131m St\u00fcdyosu (Design Studio):<\/strong><br>En \u00f6nemli derstir. D\u00f6nem boyunca bir proje \u00fczerinde \u00e7al\u0131\u015f\u0131rs\u0131n. \u00d6rne\u011fin bir okul, m\u00fcze veya konut tasarlaman istenir.<\/li>\n\n\n\n<li><strong>Baukonstruktion (Yap\u0131 Bilgisi):<\/strong><br>Bir binan\u0131n nas\u0131l ayakta durdu\u011funu, hangi malzemelerin nas\u0131l kullan\u0131ld\u0131\u011f\u0131n\u0131 \u00f6\u011frenirsin.<\/li>\n\n\n\n<li><strong>Statik:<\/strong><br>Yap\u0131n\u0131n ta\u015f\u0131y\u0131c\u0131 sistemlerini anlaman\u0131 sa\u011flar.<\/li>\n\n\n\n<li><strong>Mimarl\u0131k Tarihi:<\/strong><br>Ge\u00e7mi\u015ften g\u00fcn\u00fcm\u00fcze mimari ak\u0131mlar\u0131 \u00f6\u011frenirsin.<\/li>\n\n\n\n<li><strong>St\u00e4dtebau (\u015eehir Planlama):<\/strong><br>Sadece tek bir bina de\u011fil, b\u00fct\u00fcn bir \u015fehrin nas\u0131l planland\u0131\u011f\u0131n\u0131 incelersin.<\/li>\n\n\n\n<li><strong>Dijital Tasar\u0131m Ara\u00e7lar\u0131:<\/strong><br>AutoCAD, Rhino, Revit gibi programlar kullan\u0131l\u0131r.<\/li>\n<\/ul>\n\n\n\n<p>En \u00f6nemli fark \u015fu:<br>Mimarl\u0131kta ba\u015far\u0131, s\u0131navdan \u00e7ok <strong>\u00fcretti\u011fin projeler ve portfolyo<\/strong> ile \u00f6l\u00e7\u00fcl\u00fcr.<\/p>\n\n\n\n<hr class=\"wp-block-separator has-alpha-channel-opacity\" \/>\n\n\n\n<h2 class=\"wp-block-heading\">En iyi \u00fcniversiteler ve NC (nc begrenzt \/ nc frei) durumlar\u0131<\/h2>\n\n\n\n<p>Almanya\u2019da mimarl\u0131k e\u011fitimi olduk\u00e7a k\u00f6kl\u00fcd\u00fcr ve bir\u00e7ok \u00fcniversite bu alanda g\u00fc\u00e7l\u00fcd\u00fcr.<\/p>\n\n\n\n<p>\u00d6ne \u00e7\u0131kan baz\u0131 \u00fcniversiteler:<\/p>\n\n\n\n<ul class=\"wp-block-list\">\n<li>Technische Universit\u00e4t M\u00fcnchen<\/li>\n\n\n\n<li>RWTH Aachen<\/li>\n\n\n\n<li>TU Berlin<\/li>\n\n\n\n<li>TU Dortmund<\/li>\n<\/ul>\n\n\n\n<p>Bu \u00fcniversiteler hem akademik kadro hem de sekt\u00f6r ba\u011flant\u0131lar\u0131 a\u00e7\u0131s\u0131ndan olduk\u00e7a g\u00fc\u00e7l\u00fcd\u00fcr.<\/p>\n\n\n\n<hr class=\"wp-block-separator has-alpha-channel-opacity\" \/>\n\n\n\n<h3 class=\"wp-block-heading\">NC ve kabul s\u00fcreci<\/h3>\n\n\n\n<p>Mimarl\u0131k b\u00f6l\u00fcm\u00fc \u00e7o\u011funlukla:<\/p>\n\n\n\n<ul class=\"wp-block-list\">\n<li><strong>NC begrenzt (kontenjan s\u0131n\u0131rl\u0131)<\/strong><\/li>\n\n\n\n<li>Ba\u015fvurular rekabetlidir<\/li>\n<\/ul>\n\n\n\n<p>Baz\u0131 \u00fcniversitelerde ek olarak \u015funlar istenir:<\/p>\n\n\n\n<ul class=\"wp-block-list\">\n<li>Portfolyo (\u00e7izim ve tasar\u0131m \u00e7al\u0131\u015fmalar\u0131n)<\/li>\n\n\n\n<li>Motivasyon mektubu<\/li>\n\n\n\n<li>Nadiren yetenek s\u0131nav\u0131<\/li>\n<\/ul>\n\n\n\n<p>Burada kritik nokta \u015fu:<br>Sadece not ortalaman iyi olmas\u0131 yetmez. <strong>Kendini nas\u0131l ifade etti\u011fin ve ne \u00fcretebildi\u011fin<\/strong> \u00e7ok daha \u00f6nemlidir.<\/p>\n\n\n\n<hr class=\"wp-block-separator has-alpha-channel-opacity\" \/>\n\n\n\n<h2 class=\"wp-block-heading\">Almanya\u2019da i\u015f imkanlar\u0131 ve ortalama mezun maa\u015flar\u0131<\/h2>\n\n\n\n<figure class=\"wp-block-image alignright size-full is-resized\"><img loading=\"lazy\" decoding=\"async\" width=\"543\" height=\"360\" src=\"https:\/\/unideyim.com\/blog\/wp-content\/uploads\/2026\/03\/image-7.png\" alt=\"\" class=\"wp-image-351\" style=\"width:759px;height:auto\" srcset=\"https:\/\/unideyim.com\/blog\/wp-content\/uploads\/2026\/03\/image-7.png 543w, https:\/\/unideyim.com\/blog\/wp-content\/uploads\/2026\/03\/image-7-300x199.png 300w\" sizes=\"auto, (max-width: 543px) 100vw, 543px\" \/><\/figure>\n\n\n\n<p>Mimarl\u0131k mezunlar\u0131 i\u00e7in Almanya\u2019da i\u015f imkanlar\u0131 geni\u015ftir, ancak ba\u015flang\u0131\u00e7 s\u00fcreci sab\u0131r gerektirir.<\/p>\n\n\n\n<h3 class=\"wp-block-heading\">Nerelerde \u00e7al\u0131\u015fabilirsin?<\/h3>\n\n\n\n<ul class=\"wp-block-list\">\n<li>Mimarl\u0131k ofisleri<\/li>\n\n\n\n<li>\u0130n\u015faat \u015firketleri<\/li>\n\n\n\n<li>\u0130\u00e7 mimarl\u0131k ve tasar\u0131m st\u00fcdyolar\u0131<\/li>\n\n\n\n<li>\u015eehir planlama ofisleri<\/li>\n\n\n\n<li>Kamu kurumlar\u0131<\/li>\n<\/ul>\n\n\n\n<p>\u00d6zellikle b\u00fcy\u00fck \u015fehirlerde ve geli\u015fmekte olan b\u00f6lgelerde mimarlara olan ihtiya\u00e7 devam etmektedir.<\/p>\n\n\n\n<hr class=\"wp-block-separator has-alpha-channel-opacity\" \/>\n\n\n\n<h3 class=\"wp-block-heading\">Maa\u015flar<\/h3>\n\n\n\n<p>Maa\u015flar deneyime g\u00f6re de\u011fi\u015fir:<\/p>\n\n\n\n<ul class=\"wp-block-list\">\n<li>Yeni mezun: 2.800 \u2013 3.500 \u20ac br\u00fct<\/li>\n\n\n\n<li>Orta seviye: 3.500 \u2013 4.500 \u20ac<\/li>\n\n\n\n<li>Deneyimli mimar: 5.000 \u20ac ve \u00fczeri<\/li>\n<\/ul>\n\n\n\n<p>Ancak \u015funu bilmek \u00f6nemli:<br>Mimarl\u0131k, Almanya\u2019da \u201cen h\u0131zl\u0131 para kazand\u0131ran\u201d mesleklerden biri de\u011fildir. Daha \u00e7ok <strong>uzun vadeli geli\u015fim ve tatmin<\/strong> odakl\u0131d\u0131r.<\/p>\n\n\n\n<p>Bununla birlikte, kendi ofisini a\u00e7an veya b\u00fcy\u00fck projelerde yer alan mimarlar \u00e7ok daha y\u00fcksek gelir elde edebilir.<\/p>\n\n\n\n<hr class=\"wp-block-separator has-alpha-channel-opacity\" \/>\n\n\n\n<p>Almanya\u2019da mimarl\u0131k okumak; yo\u011fun tempolu, disiplin gerektiren ama ayn\u0131 zamanda yarat\u0131c\u0131 y\u00f6n\u00fcn\u00fc en \u00fcst seviyede kullanabilece\u011fin bir e\u011fitim s\u00fcrecidir ve geni\u015f kariyer f\u0131rsatlar\u0131 a\u00e7\u0131s\u0131ndan b\u00fcy\u00fck avantajlar sunar. \u00dcniversite ve b\u00f6l\u00fcm se\u00e7erken NC durumuna, ba\u015fvuru s\u00fcrecine ve kariyer hedeflerinize uygun bir tercih yapman\u0131z \u00f6nemlidir. E\u011fer m\u00fchendislik alan\u0131nda kendinizi geli\u015ftirmek ve Avrupa\u2019da kariyer yapmak istiyorsan\u0131z, Almanya sizin i\u00e7in harika bir se\u00e7enek olabilir! Avrupa\u2019da m\u00fchendis olarak \u00e7al\u0131\u015fma hayalinizi ger\u00e7ekle\u015ftirmek i\u00e7in bize ula\u015f\u0131n ve hayallerinize kavu\u015fman\u0131zda size yard\u0131mc\u0131 olal\u0131m. Siz hayal edin, biz ger\u00e7e\u011fe d\u00f6n\u00fc\u015ft\u00fcrelim! Uzman e\u011fitim dan\u0131\u015fmanlar\u0131m\u0131zdan&nbsp;<a href=\"https:\/\/calendly.com\/d\/cngm-hy5-qkb\/almanya-hedefinize-uzman-ekibimizle-ilk-adimi-atin?fbclid=PAZXh0bgNhZW0CMTEAAabSW3QnA1l4jnHXClAndRzJDS37WcfRHluplYgaNaF5KVpZjkKzZVOEN0U_aem_xnHWI1dCN0liGHXd2eYZXw&amp;month=2025-04\"><strong>\u00dccretsiz Randevu Almak i\u00e7in T\u0131klay\u0131n!<\/strong><\/a><\/p>\n","protected":false},"excerpt":{"rendered":"<p>Bir binaya bakt\u0131\u011f\u0131nda sadece d\u0131\u015f g\u00f6r\u00fcn\u00fc\u015f\u00fcn\u00fc m\u00fc g\u00f6r\u00fcyorsun, yoksa arkas\u0131ndaki fikri, eme\u011fi ve tasar\u0131m s\u00fcrecini de merak ediyor musun? Ya\u015fad\u0131\u011f\u0131n \u015fehirlerin neden o \u015fekilde planland\u0131\u011f\u0131n\u0131, insanlar\u0131n bir mek\u00e2nda neden kendini iyi ya da k\u00f6t\u00fc hissetti\u011fini hi\u00e7 d\u00fc\u015f\u00fcnd\u00fcn m\u00fc? Mimarl\u0131k tam olarak bu sorularla ba\u015flar. Almanya\u2019da mimarl\u0131k okumak ise bu merak\u0131 profesyonel bir yetkinli\u011fe d\u00f6n\u00fc\u015ft\u00fcrmenin en g\u00fc\u00e7l\u00fc yollar\u0131ndan biri. Ama bu yol sand\u0131\u011f\u0131n kadar kolay m\u0131, yoksa ger\u00e7ekten sana uygun mu? Gel birlikte detayl\u0131ca bakal\u0131m.<\/p>\n","protected":false},"author":2,"featured_media":0,"comment_status":"open","ping_status":"open","sticky":false,"template":"","format":"standard","meta":{"footnotes":""},"categories":[6],"tags":[74,25,8,10,94,36,18,89,81],"class_list":["post-348","post","type-post","status-publish","format-standard","hentry","category-egitim","tag-almanyada-muhendislik","tag-almanyada-ogrenci-olmak","tag-almanyada-egitim","tag-almayada-universite","tag-mimarlik","tag-rwth-aachen","tag-tu-berlin","tag-tu-dortmund","tag-tum"],"_links":{"self":[{"href":"https:\/\/unideyim.com\/blog\/index.php?rest_route=\/wp\/v2\/posts\/348","targetHints":{"allow":["GET"]}}],"collection":[{"href":"https:\/\/unideyim.com\/blog\/index.php?rest_route=\/wp\/v2\/posts"}],"about":[{"href":"https:\/\/unideyim.com\/blog\/index.php?rest_route=\/wp\/v2\/types\/post"}],"author":[{"embeddable":true,"href":"https:\/\/unideyim.com\/blog\/index.php?rest_route=\/wp\/v2\/users\/2"}],"replies":[{"embeddable":true,"href":"https:\/\/unideyim.com\/blog\/index.php?rest_route=%2Fwp%2Fv2%2Fcomments&post=348"}],"version-history":[{"count":3,"href":"https:\/\/unideyim.com\/blog\/index.php?rest_route=\/wp\/v2\/posts\/348\/revisions"}],"predecessor-version":[{"id":369,"href":"https:\/\/unideyim.com\/blog\/index.php?rest_route=\/wp\/v2\/posts\/348\/revisions\/369"}],"wp:attachment":[{"href":"https:\/\/unideyim.com\/blog\/index.php?rest_route=%2Fwp%2Fv2%2Fmedia&parent=348"}],"wp:term":[{"taxonomy":"category","embeddable":true,"href":"https:\/\/unideyim.com\/blog\/index.php?rest_route=%2Fwp%2Fv2%2Fcategories&post=348"},{"taxonomy":"post_tag","embeddable":true,"href":"https:\/\/unideyim.com\/blog\/index.php?rest_route=%2Fwp%2Fv2%2Ftags&post=348"}],"curies":[{"name":"wp","href":"https:\/\/api.w.org\/{rel}","templated":true}]}}