{"id":353,"date":"2026-04-16T11:00:00","date_gmt":"2026-04-16T11:00:00","guid":{"rendered":"https:\/\/unideyim.com\/blog\/?p=353"},"modified":"2026-03-27T14:26:51","modified_gmt":"2026-03-27T14:26:51","slug":"neden-tu-darmstadt-nasil-bir-universite","status":"publish","type":"post","link":"https:\/\/unideyim.com\/blog\/?p=353","title":{"rendered":"Neden Technische Universit\u00e4t Darmstadt (TU Darmstadt)?"},"content":{"rendered":"\n<p>Almanya\u2019da teknik bir b\u00f6l\u00fcm okumay\u0131 planl\u0131yorsun ama \u201cger\u00e7ekten do\u011fru \u00fcniversiteyi mi se\u00e7iyorum?\u201d sorusu kafan\u0131 kurcal\u0131yor mu? G\u00fc\u00e7l\u00fc akademik kadro, uluslararas\u0131 tan\u0131n\u0131rl\u0131k ve mezuniyet sonras\u0131 kariyer f\u0131rsatlar\u0131 aras\u0131nda nas\u0131l denge kurulur? Peki hem ara\u015ft\u0131rma g\u00fcc\u00fc y\u00fcksek hem de sekt\u00f6re yak\u0131n bir \u00fcniversite bulmak m\u00fcmk\u00fcn m\u00fc? TU Darmstadt, bu sorular\u0131n cevab\u0131 olabilir mi? Gel, t\u00fcm detaylar\u0131yla birlikte inceleyelim.<\/p>\n\n\n\n<hr class=\"wp-block-separator has-alpha-channel-opacity\" \/>\n\n\n\n<h2 class=\"wp-block-heading\">\u00dcniversite Hakk\u0131nda Genel Bilgi<\/h2>\n\n\n\n<p>Technical University of Darmstadt, Almanya\u2019n\u0131n en k\u00f6kl\u00fc teknik \u00fcniversitelerinden biri olup 1877 y\u0131l\u0131nda kurulmu\u015ftur. \u00d6zellikle m\u00fchendislik ve do\u011fa bilimleri alan\u0131ndaki k\u00f6kl\u00fc ge\u00e7mi\u015fi sayesinde hem Almanya\u2019da hem de uluslararas\u0131 d\u00fczeyde sayg\u0131n bir konuma sahiptir.<\/p>\n\n\n\n<figure class=\"wp-block-image alignleft size-large is-resized\"><img loading=\"lazy\" decoding=\"async\" width=\"1024\" height=\"768\" src=\"https:\/\/unideyim.com\/blog\/wp-content\/uploads\/2026\/03\/image-8-1024x768.png\" alt=\"\" class=\"wp-image-354\" style=\"width:522px;height:auto\" srcset=\"https:\/\/unideyim.com\/blog\/wp-content\/uploads\/2026\/03\/image-8-1024x768.png 1024w, https:\/\/unideyim.com\/blog\/wp-content\/uploads\/2026\/03\/image-8-300x225.png 300w, https:\/\/unideyim.com\/blog\/wp-content\/uploads\/2026\/03\/image-8-768x576.png 768w, https:\/\/unideyim.com\/blog\/wp-content\/uploads\/2026\/03\/image-8.png 1300w\" sizes=\"auto, (max-width: 1024px) 100vw, 1024px\" \/><\/figure>\n\n\n\n<p>\u00dcniversitede yakla\u015f\u0131k 25.000 civar\u0131nda \u00f6\u011frenci e\u011fitim g\u00f6rmektedir. Bu \u00f6\u011frencilerin \u00f6nemli bir k\u0131sm\u0131 uluslararas\u0131 \u00f6\u011frencilerden olu\u015fur; bu da kamp\u00fcs\u00fcn \u00e7ok k\u00fclt\u00fcrl\u00fc ve global bir atmosfere sahip olmas\u0131n\u0131 sa\u011flar. TU Darmstadt, \u00f6zellikle teknik alanlarda yurtd\u0131\u015f\u0131ndan \u00f6\u011frenci \u00e7ekme konusunda olduk\u00e7a ba\u015far\u0131l\u0131d\u0131r.<\/p>\n\n\n\n<p>\u00dcniversitenin kamp\u00fcsleri a\u011f\u0131rl\u0131kl\u0131 olarak Darmstadt \u015fehrinde konumlanm\u0131\u015ft\u0131r. \u0130ki ana kamp\u00fcs \u00f6ne \u00e7\u0131kar: Stadtmitte (\u015fehir merkezine yak\u0131n) ve Lichtwiese (daha modern ve geni\u015f kamp\u00fcs). Bu kamp\u00fcsler aras\u0131nda ula\u015f\u0131m olduk\u00e7a kolayd\u0131r ve \u00f6\u011frenciler toplu ta\u015f\u0131ma ile k\u0131sa s\u00fcrede ge\u00e7i\u015f yapabilir.<\/p>\n\n\n\n<p>Kamp\u00fcs olanaklar\u0131 olduk\u00e7a geli\u015fmi\u015ftir:<\/p>\n\n\n\n<ul class=\"wp-block-list\">\n<li>Modern k\u00fct\u00fcphaneler ve \u00e7al\u0131\u015fma alanlar\u0131<\/li>\n\n\n\n<li>Ara\u015ft\u0131rma laboratuvarlar\u0131<\/li>\n\n\n\n<li>Spor tesisleri<\/li>\n\n\n\n<li>\u00d6\u011frenci kul\u00fcpleri ve etkinlik alanlar\u0131<\/li>\n\n\n\n<li>Yemekhaneler (Mensa)<\/li>\n<\/ul>\n\n\n\n<p>Darmstadt \u015fehri ise Frankfurt\u2019a olduk\u00e7a yak\u0131n konumu sayesinde hem sakin bir \u00f6\u011frenci hayat\u0131 hem de b\u00fcy\u00fck \u015fehir f\u0131rsatlar\u0131na eri\u015fim imkan\u0131 sunar.<\/p>\n\n\n\n<hr class=\"wp-block-separator has-alpha-channel-opacity\" \/>\n\n\n\n<h2 class=\"wp-block-heading\">\u00dcniversitenin \u00d6ne \u00c7\u0131kan \u00d6zellikleri<\/h2>\n\n\n\n<p>TU Darmstadt\u2019\u0131 Almanya\u2019daki di\u011fer teknik \u00fcniversitelerden ay\u0131ran en \u00f6nemli \u00f6zelliklerden biri, <strong>ara\u015ft\u0131rma odakl\u0131 ve inovatif yap\u0131s\u0131d\u0131r<\/strong>. \u00dcniversite, Almanya\u2019n\u0131n \u00f6nde gelen teknik \u00fcniversitelerinden olu\u015fan TU9 ittifak\u0131n\u0131n da bir \u00fcyesidir.<\/p>\n\n\n\n<p>TU9 German Universities of Technology \u00fcyeli\u011fi, \u00fcniversitenin akademik kalitesini ve m\u00fchendislik alan\u0131ndaki g\u00fcc\u00fcn\u00fc a\u00e7\u0131k\u00e7a ortaya koyar.<\/p>\n\n\n\n<figure class=\"wp-block-image alignright size-full is-resized\"><img loading=\"lazy\" decoding=\"async\" width=\"750\" height=\"450\" src=\"https:\/\/unideyim.com\/blog\/wp-content\/uploads\/2026\/03\/image-9.png\" alt=\"\" class=\"wp-image-355\" style=\"width:524px;height:auto\" srcset=\"https:\/\/unideyim.com\/blog\/wp-content\/uploads\/2026\/03\/image-9.png 750w, https:\/\/unideyim.com\/blog\/wp-content\/uploads\/2026\/03\/image-9-300x180.png 300w\" sizes=\"auto, (max-width: 750px) 100vw, 750px\" \/><\/figure>\n\n\n\n<p>Ara\u015ft\u0131rma alan\u0131nda \u00f6ne \u00e7\u0131kan ba\u015fl\u0131klar:<\/p>\n\n\n\n<ul class=\"wp-block-list\">\n<li>Yapay zeka ve siber g\u00fcvenlik<\/li>\n\n\n\n<li>Enerji sistemleri ve s\u00fcrd\u00fcr\u00fclebilirlik<\/li>\n\n\n\n<li>Malzeme bilimi<\/li>\n\n\n\n<li>Mekanik ve otomotiv sistemleri<\/li>\n\n\n\n<li>Veri bilimi<\/li>\n<\/ul>\n\n\n\n<p>\u00dcniversite ayn\u0131 zamanda Almanya\u2019n\u0131n dijitalle\u015fme ve teknoloji alan\u0131ndaki geli\u015fiminde \u00f6nemli rol oynayan ara\u015ft\u0131rma merkezlerine sahiptir.<\/p>\n\n\n\n<p>Sekt\u00f6r i\u015f birlikleri de olduk\u00e7a g\u00fc\u00e7l\u00fcd\u00fcr. TU Darmstadt, ba\u015fta Frankfurt olmak \u00fczere Almanya\u2019n\u0131n finans ve teknoloji merkezlerine yak\u0131nl\u0131\u011f\u0131 sayesinde \u00f6\u011frencilerine geni\u015f staj ve i\u015f f\u0131rsatlar\u0131 sunar.<\/p>\n\n\n\n<p>\ud83d\udc49 \u201cNeden TU Darmstadt?\u201d sorusunun cevab\u0131:<\/p>\n\n\n\n<ul class=\"wp-block-list\">\n<li>K\u00f6kl\u00fc ve prestijli teknik \u00fcniversite<\/li>\n\n\n\n<li>G\u00fc\u00e7l\u00fc ara\u015ft\u0131rma altyap\u0131s\u0131<\/li>\n\n\n\n<li>TU9 \u00fcyesi olmas\u0131<\/li>\n\n\n\n<li>Frankfurt gibi b\u00fcy\u00fck bir ekonomik merkeze yak\u0131nl\u0131k<\/li>\n\n\n\n<li>Uluslararas\u0131 tan\u0131n\u0131rl\u0131k<\/li>\n<\/ul>\n\n\n\n<hr class=\"wp-block-separator has-alpha-channel-opacity\" \/>\n\n\n\n<h2 class=\"wp-block-heading\">En Pop\u00fcler B\u00f6l\u00fcmler<\/h2>\n\n\n\n<p>TU Darmstadt, \u00f6zellikle m\u00fchendislik ve teknik alanlarda olduk\u00e7a g\u00fc\u00e7l\u00fcd\u00fcr. \u00dcniversitenin en pop\u00fcler ve g\u00fc\u00e7l\u00fc b\u00f6l\u00fcmleri \u015funlard\u0131r:<\/p>\n\n\n\n<ul class=\"wp-block-list\">\n<li>Informatik (Bilgisayar Bilimi)<\/li>\n\n\n\n<li>Maschinenbau (Makine M\u00fchendisli\u011fi)<\/li>\n\n\n\n<li>Elektrotechnik und Informationstechnik<\/li>\n\n\n\n<li>Wirtschaftsingenieurwesen<\/li>\n\n\n\n<li>Bauingenieurwesen (\u0130n\u015faat M\u00fchendisli\u011fi)<\/li>\n\n\n\n<li>Physik<\/li>\n<\/ul>\n\n\n\n<p>\u00d6zellikle <strong>Informatik b\u00f6l\u00fcm\u00fc<\/strong>, Almanya genelinde en iyi programlardan biri olarak kabul edilir ve olduk\u00e7a rekabet\u00e7idir.<\/p>\n\n\n\n<p>\u00dcniversitenin g\u00fc\u00e7l\u00fc oldu\u011fu alanlar:<\/p>\n\n\n\n<ul class=\"wp-block-list\">\n<li>IT ve yaz\u0131l\u0131m<\/li>\n\n\n\n<li>Yapay zeka<\/li>\n\n\n\n<li>M\u00fchendislik disiplinleri<\/li>\n\n\n\n<li>Do\u011fa bilimleri<\/li>\n<\/ul>\n\n\n\n<p>Lisans programlar\u0131n\u0131n b\u00fcy\u00fck \u00e7o\u011funlu\u011fu Almanca sunulurken, y\u00fcksek lisans programlar\u0131nda \u0130ngilizce se\u00e7enekler daha yayg\u0131nd\u0131r.<\/p>\n\n\n\n<p>NC durumu:<\/p>\n\n\n\n<ul class=\"wp-block-list\">\n<li>Baz\u0131 teknik b\u00f6l\u00fcmler <strong>NC frei<\/strong> olabilir<\/li>\n\n\n\n<li>Informatik gibi b\u00f6l\u00fcmler genellikle y\u00fcksek rekabetlidir<\/li>\n<\/ul>\n\n\n\n<hr class=\"wp-block-separator has-alpha-channel-opacity\" \/>\n\n\n\n<figure class=\"wp-block-image alignleft size-full is-resized\"><img loading=\"lazy\" decoding=\"async\" width=\"920\" height=\"521\" src=\"https:\/\/unideyim.com\/blog\/wp-content\/uploads\/2026\/03\/image-10.png\" alt=\"\" class=\"wp-image-356\" style=\"width:754px;height:auto\" srcset=\"https:\/\/unideyim.com\/blog\/wp-content\/uploads\/2026\/03\/image-10.png 920w, https:\/\/unideyim.com\/blog\/wp-content\/uploads\/2026\/03\/image-10-300x170.png 300w, https:\/\/unideyim.com\/blog\/wp-content\/uploads\/2026\/03\/image-10-768x435.png 768w\" sizes=\"auto, (max-width: 920px) 100vw, 920px\" \/><\/figure>\n\n\n\n<h2 class=\"wp-block-heading\">Ba\u015fvuru \u015eartlar\u0131<\/h2>\n\n\n\n<p>TU Darmstadt\u2019a ba\u015fvuru s\u00fcreci, Almanya\u2019daki di\u011fer teknik \u00fcniversitelerle benzerlik g\u00f6sterir ancak baz\u0131 b\u00f6l\u00fcmlerde rekabet daha y\u00fcksek olabilir.<\/p>\n\n\n\n<p><strong>Dil \u015eart\u0131:<\/strong><\/p>\n\n\n\n<ul class=\"wp-block-list\">\n<li>Almanca b\u00f6l\u00fcmler i\u00e7in genellikle:\n<ul class=\"wp-block-list\">\n<li>TestDaF (en az 4&#215;4)<\/li>\n\n\n\n<li>DSH-2<\/li>\n<\/ul>\n<\/li>\n\n\n\n<li>\u0130ngilizce programlar i\u00e7in:\n<ul class=\"wp-block-list\">\n<li>IELTS \/ TOEFL<\/li>\n<\/ul>\n<\/li>\n<\/ul>\n\n\n\n<p><strong>Ba\u015fvuru Platformu:<\/strong><\/p>\n\n\n\n<ul class=\"wp-block-list\">\n<li>\u00c7o\u011fu uluslararas\u0131 ba\u015fvuru <strong>uni-assist<\/strong> \u00fczerinden yap\u0131l\u0131r<\/li>\n\n\n\n<li>Baz\u0131 y\u00fcksek lisans programlar\u0131nda direkt ba\u015fvuru m\u00fcmk\u00fcnd\u00fcr<\/li>\n<\/ul>\n\n\n\n<p><strong>Ba\u015fvuru Tarihleri:<\/strong><\/p>\n\n\n\n<ul class=\"wp-block-list\">\n<li>K\u0131\u015f d\u00f6nemi: Temmuz ortas\u0131<\/li>\n\n\n\n<li>Yaz d\u00f6nemi: Ocak ortas\u0131<\/li>\n<\/ul>\n\n\n\n<p><strong>Gerekli Belgeler:<\/strong><\/p>\n\n\n\n<ul class=\"wp-block-list\">\n<li>Lise diplomas\u0131<\/li>\n\n\n\n<li>Transkript<\/li>\n\n\n\n<li>Dil sertifikas\u0131<\/li>\n\n\n\n<li>CV ve motivasyon mektubu (\u00f6zellikle y\u00fcksek lisans i\u00e7in)<\/li>\n<\/ul>\n\n\n\n<p>Ba\u015fvuru s\u00fcrecinde \u00f6zellikle teknik b\u00f6l\u00fcmlerde akademik yeterlilik olduk\u00e7a \u00f6nemlidir. Not ortalamas\u0131 ve matematik altyap\u0131s\u0131 ciddi \u015fekilde de\u011ferlendirilir.<\/p>\n\n\n\n<hr class=\"wp-block-separator has-alpha-channel-opacity\" \/>\n\n\n\n<h2 class=\"wp-block-heading\">Uluslararas\u0131 \u00d6\u011frenciler \u0130\u00e7in \u0130mkanlar<\/h2>\n\n\n\n<p>TU Darmstadt, uluslararas\u0131 \u00f6\u011frenciler i\u00e7in olduk\u00e7a kapsaml\u0131 destekler sunar. \u00dcniversitenin International Office birimi olduk\u00e7a aktif \u00e7al\u0131\u015f\u0131r.<\/p>\n\n\n\n<p>Sunulan imkanlar:<\/p>\n\n\n\n<ul class=\"wp-block-list\">\n<li>Oryantasyon programlar\u0131<\/li>\n\n\n\n<li>Dil kurslar\u0131<\/li>\n\n\n\n<li>Akademik dan\u0131\u015fmanl\u0131k<\/li>\n\n\n\n<li>Buddy programlar\u0131 (yerel \u00f6\u011frencilerle e\u015fle\u015fme)<\/li>\n<\/ul>\n\n\n\n<p>Haz\u0131rl\u0131k s\u00fcrecinde:<\/p>\n\n\n\n<ul class=\"wp-block-list\">\n<li>Studienkolleg imkanlar\u0131<\/li>\n\n\n\n<li>\u00dcniversiteye ba\u011fl\u0131 dil kurslar\u0131<\/li>\n<\/ul>\n\n\n\n<p>Konaklama se\u00e7enekleri:<\/p>\n\n\n\n<ul class=\"wp-block-list\">\n<li>Studentenwerk yurtlar\u0131<\/li>\n\n\n\n<li>\u00d6zel yurtlar<\/li>\n\n\n\n<li>WG (payla\u015f\u0131ml\u0131 evler)<\/li>\n<\/ul>\n\n\n\n<p>Darmstadt, Frankfurt\u2019a g\u00f6re daha uygun maliyetli olsa da yine de Almanya ortalamas\u0131n\u0131n biraz \u00fczerindedir. Bu nedenle erken konaklama ba\u015fvurusu olduk\u00e7a \u00f6nemlidir.<\/p>\n\n\n\n<hr class=\"wp-block-separator has-alpha-channel-opacity\" \/>\n\n\n\n<h2 class=\"wp-block-heading\">Mezuniyet Sonras\u0131 Kariyer \u0130mkanlar\u0131<\/h2>\n\n\n\n<p>TU Darmstadt mezunlar\u0131, \u00f6zellikle teknik alanlarda Almanya i\u015f piyasas\u0131nda olduk\u00e7a g\u00fc\u00e7l\u00fc bir konuma sahiptir.<\/p>\n\n\n\n<p>\u00dcniversitenin avantajlar\u0131:<\/p>\n\n\n\n<ul class=\"wp-block-list\">\n<li>G\u00fc\u00e7l\u00fc sanayi ve teknoloji ba\u011flant\u0131lar\u0131<\/li>\n\n\n\n<li>Frankfurt finans merkezine yak\u0131nl\u0131k<\/li>\n\n\n\n<li>Ara\u015ft\u0131rma projeleri sayesinde deneyim kazanma<\/li>\n<\/ul>\n\n\n\n<p>\u00d6\u011frenciler e\u011fitim s\u0131ras\u0131nda:<\/p>\n\n\n\n<ul class=\"wp-block-list\">\n<li>Werkstudent olarak \u00e7al\u0131\u015fma<\/li>\n\n\n\n<li>Staj yapma<\/li>\n\n\n\n<li>Ara\u015ft\u0131rma projelerinde yer alma<\/li>\n<\/ul>\n\n\n\n<p>Mezunlar\u0131n \u00e7al\u0131\u015ft\u0131\u011f\u0131 ba\u015fl\u0131ca alanlar:<\/p>\n\n\n\n<ul class=\"wp-block-list\">\n<li>Yaz\u0131l\u0131m ve IT sekt\u00f6r\u00fc<\/li>\n\n\n\n<li>Otomotiv ve \u00fcretim<\/li>\n\n\n\n<li>Enerji ve s\u00fcrd\u00fcr\u00fclebilirlik<\/li>\n\n\n\n<li>Finans teknolojileri (FinTech)<\/li>\n<\/ul>\n\n\n\n<figure class=\"wp-block-image alignright size-large is-resized\"><img loading=\"lazy\" decoding=\"async\" width=\"1024\" height=\"576\" src=\"https:\/\/unideyim.com\/blog\/wp-content\/uploads\/2026\/03\/image-11-1024x576.png\" alt=\"\" class=\"wp-image-357\" style=\"width:754px;height:auto\" srcset=\"https:\/\/unideyim.com\/blog\/wp-content\/uploads\/2026\/03\/image-11-1024x576.png 1024w, https:\/\/unideyim.com\/blog\/wp-content\/uploads\/2026\/03\/image-11-300x169.png 300w, https:\/\/unideyim.com\/blog\/wp-content\/uploads\/2026\/03\/image-11-768x432.png 768w, https:\/\/unideyim.com\/blog\/wp-content\/uploads\/2026\/03\/image-11-1536x864.png 1536w, https:\/\/unideyim.com\/blog\/wp-content\/uploads\/2026\/03\/image-11.png 1920w\" sizes=\"auto, (max-width: 1024px) 100vw, 1024px\" \/><\/figure>\n\n\n\n<hr class=\"wp-block-separator has-alpha-channel-opacity\" \/>\n\n\n\n<h2 class=\"wp-block-heading\">Bu \u00dcniversite Kimler \u0130\u00e7in Uygun?<\/h2>\n\n\n\n<p>TU Darmstadt \u00f6zellikle \u015fu \u00f6\u011frenciler i\u00e7in olduk\u00e7a uygun bir tercihtir:<\/p>\n\n\n\n<p>\u2714 Akademik olarak g\u00fc\u00e7l\u00fc ve disiplinli \u00f6\u011frenciler<br>\u2714 M\u00fchendislik ve teknik alanlara ilgi duyanlar<br>\u2714 Ara\u015ft\u0131rma odakl\u0131 bir e\u011fitim isteyenler<br>\u2714 Uluslararas\u0131 kariyer hedefi olanlar<\/p>\n\n\n\n<p>\u015eu \u00f6\u011frenciler i\u00e7in zorlay\u0131c\u0131 olabilir:<\/p>\n\n\n\n<ul class=\"wp-block-list\">\n<li>Daha rahat ve d\u00fc\u015f\u00fck tempolu bir e\u011fitim arayanlar<\/li>\n\n\n\n<li>Sadece \u0130ngilizce lisans program\u0131 isteyenler<\/li>\n\n\n\n<li>Daha k\u00fc\u00e7\u00fck ve az rekabet\u00e7i \u00fcniversite tercih edenler<\/li>\n<\/ul>\n\n\n\n<hr class=\"wp-block-separator has-alpha-channel-opacity\" \/>\n\n\n\n<p>TU Darmstadt, Almanya\u2019da teknik e\u011fitim denildi\u011finde akla gelen en g\u00fc\u00e7l\u00fc \u00fcniversitelerden biridir. Hem akademik prestiji hem de sundu\u011fu kariyer f\u0131rsatlar\u0131 sayesinde \u00f6zellikle m\u00fchendislik ve IT alan\u0131nda kariyer hedefleyen \u00f6\u011frenciler i\u00e7in olduk\u00e7a de\u011ferli bir se\u00e7enektir. E\u011fer hedefin sadece bir \u00fcniversiteye kabul almak de\u011fil, ayn\u0131 zamanda g\u00fc\u00e7l\u00fc bir kariyer in\u015fa etmekse, TU Darmstadt kesinlikle de\u011ferlendirilmesi gereken \u00fcniversiteler aras\u0131nda yer al\u0131r. E\u011fer Almanya\u2019da hem okuyup hem de sekt\u00f6re erken ad\u0131m atmak istiyorsan, bu \u00fcniversite kesinlikle de\u011ferlendirilmesi gereken se\u00e7eneklerden biri. TU Darmstadt\u2019da e\u011fitim hayalinizi ger\u00e7ekle\u015ftirmek i\u00e7in bize ula\u015f\u0131n ve hayallerinize kavu\u015fman\u0131zda size yard\u0131mc\u0131 olal\u0131m. Siz hayal edin, biz ger\u00e7e\u011fe d\u00f6n\u00fc\u015ft\u00fcrelim!\u00a0<strong>Uzman e\u011fitim dan\u0131\u015fmanlar\u0131m\u0131zdan\u00a0<a href=\"https:\/\/calendly.com\/d\/cngm-hy5-qkb\/almanya-hedefinize-uzman-ekibimizle-ilk-adimi-atin?fbclid=PAZXh0bgNhZW0CMTEAAabSW3QnA1l4jnHXClAndRzJDS37WcfRHluplYgaNaF5KVpZjkKzZVOEN0U_aem_xnHWI1dCN0liGHXd2eYZXw&amp;month=2025-04\"><strong>\u00dccretsiz Randevu Almak i\u00e7in T\u0131klay\u0131n!<\/strong><\/a><\/strong><\/p>\n","protected":false},"excerpt":{"rendered":"<p>Almanya\u2019da teknik bir b\u00f6l\u00fcm okumay\u0131 planl\u0131yorsun ama \u201cger\u00e7ekten do\u011fru \u00fcniversiteyi mi se\u00e7iyorum?\u201d sorusu kafan\u0131 kurcal\u0131yor mu? G\u00fc\u00e7l\u00fc akademik kadro, uluslararas\u0131 tan\u0131n\u0131rl\u0131k ve mezuniyet sonras\u0131 kariyer f\u0131rsatlar\u0131 aras\u0131nda nas\u0131l denge kurulur? Peki hem ara\u015ft\u0131rma g\u00fcc\u00fc y\u00fcksek hem de sekt\u00f6re yak\u0131n bir \u00fcniversite bulmak m\u00fcmk\u00fcn m\u00fc? TU Darmstadt, bu sorular\u0131n cevab\u0131 olabilir mi? Gel, t\u00fcm detaylar\u0131yla birlikte inceleyelim.<\/p>\n","protected":false},"author":2,"featured_media":0,"comment_status":"open","ping_status":"open","sticky":false,"template":"","format":"standard","meta":{"footnotes":""},"categories":[4],"tags":[74,25,8,97,95,96],"class_list":["post-353","post","type-post","status-publish","format-standard","hentry","category-universiteler","tag-almanyada-muhendislik","tag-almanyada-ogrenci-olmak","tag-almanyada-egitim","tag-darmstadt","tag-tu-darmstadt","tag-tu9"],"_links":{"self":[{"href":"https:\/\/unideyim.com\/blog\/index.php?rest_route=\/wp\/v2\/posts\/353","targetHints":{"allow":["GET"]}}],"collection":[{"href":"https:\/\/unideyim.com\/blog\/index.php?rest_route=\/wp\/v2\/posts"}],"about":[{"href":"https:\/\/unideyim.com\/blog\/index.php?rest_route=\/wp\/v2\/types\/post"}],"author":[{"embeddable":true,"href":"https:\/\/unideyim.com\/blog\/index.php?rest_route=\/wp\/v2\/users\/2"}],"replies":[{"embeddable":true,"href":"https:\/\/unideyim.com\/blog\/index.php?rest_route=%2Fwp%2Fv2%2Fcomments&post=353"}],"version-history":[{"count":3,"href":"https:\/\/unideyim.com\/blog\/index.php?rest_route=\/wp\/v2\/posts\/353\/revisions"}],"predecessor-version":[{"id":368,"href":"https:\/\/unideyim.com\/blog\/index.php?rest_route=\/wp\/v2\/posts\/353\/revisions\/368"}],"wp:attachment":[{"href":"https:\/\/unideyim.com\/blog\/index.php?rest_route=%2Fwp%2Fv2%2Fmedia&parent=353"}],"wp:term":[{"taxonomy":"category","embeddable":true,"href":"https:\/\/unideyim.com\/blog\/index.php?rest_route=%2Fwp%2Fv2%2Fcategories&post=353"},{"taxonomy":"post_tag","embeddable":true,"href":"https:\/\/unideyim.com\/blog\/index.php?rest_route=%2Fwp%2Fv2%2Ftags&post=353"}],"curies":[{"name":"wp","href":"https:\/\/api.w.org\/{rel}","templated":true}]}}