{"id":359,"date":"2026-04-23T11:00:00","date_gmt":"2026-04-23T11:00:00","guid":{"rendered":"https:\/\/unideyim.com\/blog\/?p=359"},"modified":"2026-03-27T14:21:05","modified_gmt":"2026-03-27T14:21:05","slug":"bremen-almanyada-sakin-yasanabilir-ve-ogrenci-dostu-bir-sehir","status":"publish","type":"post","link":"https:\/\/unideyim.com\/blog\/?p=359","title":{"rendered":"Bremen: Almanya\u2019da Sakin, Ya\u015fanabilir ve \u00d6\u011frenci Dostu Bir \u015eehir"},"content":{"rendered":"\n<p>Almanya\u2019da \u00fcniversite okumay\u0131 planlarken \u00e7o\u011fu \u00f6\u011frenci Berlin, M\u00fcnih ya da K\u00f6ln gibi b\u00fcy\u00fck \u015fehirlere y\u00f6neliyor. Ancak daha sakin, daha ula\u015f\u0131labilir ve ayn\u0131 zamanda kaliteli bir \u00f6\u011frenci hayat\u0131 sunan \u015fehirler de var. Bremen, bu anlamda dikkat \u00e7eken \u015fehirlerden biri. Bu yaz\u0131da Bremen\u2019in genel yap\u0131s\u0131ndan \u00fcniversitelerine, \u00f6\u011frenci hayat\u0131ndan ya\u015fam maliyetlerine, i\u015f imkanlar\u0131ndan \u015fehirdeki ya\u015fam kalitesine kadar bir\u00e7ok \u00f6nemli ba\u015fl\u0131\u011f\u0131 ele alaca\u011f\u0131z. E\u011fer Almanya\u2019da daha dengeli, huzurlu ama ayn\u0131 zamanda sosyal bir \u00f6\u011frenci hayat\u0131 ar\u0131yorsan\u0131z, Bremen sizin i\u00e7in do\u011fru \u015fehir olabilir mi birlikte inceleyelim.<\/p>\n\n\n\n<hr class=\"wp-block-separator has-alpha-channel-opacity\" \/>\n\n\n\n<h2 class=\"wp-block-heading\">\u015eehir Hakk\u0131nda Genel Bilgi<\/h2>\n\n\n\n<figure class=\"wp-block-image alignright size-full\"><img loading=\"lazy\" decoding=\"async\" width=\"825\" height=\"550\" src=\"https:\/\/unideyim.com\/blog\/wp-content\/uploads\/2026\/03\/image-12.png\" alt=\"\" class=\"wp-image-360\" srcset=\"https:\/\/unideyim.com\/blog\/wp-content\/uploads\/2026\/03\/image-12.png 825w, https:\/\/unideyim.com\/blog\/wp-content\/uploads\/2026\/03\/image-12-300x200.png 300w, https:\/\/unideyim.com\/blog\/wp-content\/uploads\/2026\/03\/image-12-768x512.png 768w\" sizes=\"auto, (max-width: 825px) 100vw, 825px\" \/><\/figure>\n\n\n\n<p>Bremen, Almanya\u2019n\u0131n kuzeyinde yer alan ve ayn\u0131 zamanda bir eyalet olan \u015fehirlerden biridir. Kuzey Almanya\u2019n\u0131n \u00f6nemli liman \u015fehirlerinden biri olan Bremen, tarih boyunca ticaret ve denizcilik ile \u00f6n plana \u00e7\u0131km\u0131\u015ft\u0131r. Bu tarihsel arka plan, \u015fehrin mimarisinde ve genel atmosferinde h\u00e2l\u00e2 hissedilir.<\/p>\n\n\n\n<p>Bremen\u2019in en dikkat \u00e7eken \u00f6zelliklerinden biri, b\u00fcy\u00fck \u015fehirlerin kalabal\u0131\u011f\u0131ndan uzak ama k\u00fc\u00e7\u00fck \u015fehirlerin de s\u0131n\u0131rl\u0131 imkanlar\u0131na sahip olmayan <strong>dengeyi yakalam\u0131\u015f bir yap\u0131ya sahip olmas\u0131d\u0131r<\/strong>. N\u00fcfusu yakla\u015f\u0131k 570.000 civar\u0131ndad\u0131r ve bu da \u015fehri ne \u00e7ok b\u00fcy\u00fck ne de \u00e7ok k\u00fc\u00e7\u00fck yapar\u2014\u00f6\u011frenciler i\u00e7in ideal bir \u00f6l\u00e7ek sunar.<\/p>\n\n\n\n<p>\u015eehir, \u00f6zellikle tarihi merkezi ile bilinir. UNESCO D\u00fcnya Miras\u0131 listesinde yer alan Rathaus (Belediye Binas\u0131) ve Roland Heykeli, Bremen\u2019in k\u00fclt\u00fcrel zenginli\u011fini yans\u0131t\u0131r. Bunun yan\u0131 s\u0131ra Weser Nehri boyunca uzanan y\u00fcr\u00fcy\u00fc\u015f yollar\u0131, parklar ve ye\u015fil alanlar, \u015fehirde ya\u015fam kalitesini art\u0131ran \u00f6nemli unsurlard\u0131r.<\/p>\n\n\n\n<p>\u00d6\u011frenci a\u00e7\u0131s\u0131ndan bak\u0131ld\u0131\u011f\u0131nda Bremen, olduk\u00e7a rahat ve adapte olunabilir bir \u015fehir. Trafik yo\u011funlu\u011fu d\u00fc\u015f\u00fck, ula\u015f\u0131m d\u00fczenli ve \u015fehir genel olarak sakin bir tempoya sahip. Bu da \u00f6zellikle ilk kez yurtd\u0131\u015f\u0131na \u00e7\u0131kan \u00f6\u011frenciler i\u00e7in b\u00fcy\u00fck bir avantaj.<\/p>\n\n\n\n<hr class=\"wp-block-separator has-alpha-channel-opacity\" \/>\n\n\n\n<h2 class=\"wp-block-heading\">\u015eehirdeki \u00dcniversiteler<\/h2>\n\n\n\n<p>Bremen, akademik anlamda g\u00fc\u00e7l\u00fc ve \u00f6zellikle ara\u015ft\u0131rma odakl\u0131 \u00fcniversitelere ev sahipli\u011fi yapar.<\/p>\n\n\n\n<ul class=\"wp-block-list\">\n<li><strong>University of Bremen<\/strong>: \u015eehrin en b\u00fcy\u00fck ve en bilinen \u00fcniversitesidir. 1971 y\u0131l\u0131nda kurulan \u00fcniversite, \u00f6zellikle m\u00fchendislik, do\u011fa bilimleri, sosyal bilimler ve deniz bilimleri alanlar\u0131nda \u00f6ne \u00e7\u0131kar. Ara\u015ft\u0131rma projeleri ve uluslararas\u0131 i\u015f birlikleri ile olduk\u00e7a g\u00fc\u00e7l\u00fc bir akademik altyap\u0131ya sahiptir.<\/li>\n\n\n\n<li><strong>Hochschule Bremen<\/strong>: Daha uygulamal\u0131 ve pratik odakl\u0131 e\u011fitim sunar. \u0130\u015f d\u00fcnyas\u0131 ile g\u00fc\u00e7l\u00fc ba\u011flant\u0131lar\u0131 sayesinde \u00f6\u011frenciler mezun olmadan \u00f6nce ciddi i\u015f deneyimi kazanabilir.<\/li>\n<\/ul>\n\n\n\n<h3 class=\"wp-block-heading\">\u00d6ne \u00c7\u0131kan B\u00f6l\u00fcmler<\/h3>\n\n\n\n<ul class=\"wp-block-list\">\n<li>Denizcilik ve lojistik<\/li>\n\n\n\n<li>M\u00fchendislik (\u00f6zellikle \u00fcretim ve \u00e7evre m\u00fchendisli\u011fi)<\/li>\n\n\n\n<li>Uluslararas\u0131 i\u015fletme ve ekonomi<\/li>\n\n\n\n<li>Bilgisayar bilimleri<\/li>\n<\/ul>\n\n\n\n<p>Bremen\u2019in liman \u015fehri olmas\u0131, \u00f6zellikle lojistik ve ticaret alan\u0131ndaki b\u00f6l\u00fcmleri \u00f6ne \u00e7\u0131kar\u0131r. Bu da \u00f6\u011frenciler i\u00e7in do\u011frudan sekt\u00f6re entegre olma f\u0131rsat\u0131 anlam\u0131na gelir.<\/p>\n\n\n\n<h3 class=\"wp-block-heading\">Uluslararas\u0131 \u00d6\u011frenci Ortam\u0131<\/h3>\n\n\n\n<p>Bremen, uluslararas\u0131 \u00f6\u011frenci oran\u0131 y\u00fcksek olan \u015fehirlerden biridir. \u00dcniversitelerde \u0130ngilizce program se\u00e7enekleri de bulunur ve Erasmus gibi de\u011fi\u015fim programlar\u0131 olduk\u00e7a yayg\u0131nd\u0131r. Bu da \u015fehri k\u00fclt\u00fcrel a\u00e7\u0131dan zengin ve kapsay\u0131c\u0131 hale getirir.<\/p>\n\n\n\n<hr class=\"wp-block-separator has-alpha-channel-opacity\" \/>\n\n\n\n<h2 class=\"wp-block-heading\">\u015eehirde \u00d6\u011frenci Hayat\u0131<\/h2>\n\n\n\n<p>Bremen, \u201csakin ama s\u0131k\u0131c\u0131 de\u011fil\u201d diyebilece\u011fimiz \u015fehirlerden biridir. \u00d6\u011frenciler i\u00e7in yeterli sosyal imkan sunarken ayn\u0131 zamanda daha huzurlu bir ya\u015fam tarz\u0131 da sa\u011flar.<\/p>\n\n\n\n<figure class=\"wp-block-image alignleft size-large is-resized\"><img loading=\"lazy\" decoding=\"async\" width=\"1024\" height=\"627\" src=\"https:\/\/unideyim.com\/blog\/wp-content\/uploads\/2026\/03\/image-13-1024x627.png\" alt=\"\" class=\"wp-image-361\" style=\"width:483px;height:auto\" srcset=\"https:\/\/unideyim.com\/blog\/wp-content\/uploads\/2026\/03\/image-13-1024x627.png 1024w, https:\/\/unideyim.com\/blog\/wp-content\/uploads\/2026\/03\/image-13-300x184.png 300w, https:\/\/unideyim.com\/blog\/wp-content\/uploads\/2026\/03\/image-13-768x470.png 768w, https:\/\/unideyim.com\/blog\/wp-content\/uploads\/2026\/03\/image-13.png 1400w\" sizes=\"auto, (max-width: 1024px) 100vw, 1024px\" \/><\/figure>\n\n\n\n<h3 class=\"wp-block-heading\">Kamp\u00fcs ve G\u00fcnl\u00fck Hayat<\/h3>\n\n\n\n<p>University of Bremen kamp\u00fcs\u00fc olduk\u00e7a geni\u015f ve ye\u015fil alanlarla \u00e7evrilidir. Kamp\u00fcs i\u00e7inde k\u00fct\u00fcphaneler, \u00e7al\u0131\u015fma alanlar\u0131 ve sosyal mekanlar bulunur. \u00d6\u011frenciler genellikle ders sonras\u0131 kamp\u00fcste vakit ge\u00e7irmeyi tercih eder.<\/p>\n\n\n\n<h3 class=\"wp-block-heading\">Sosyal Etkinlikler ve Kul\u00fcpler<\/h3>\n\n\n\n<ul class=\"wp-block-list\">\n<li>Spor kul\u00fcpleri<\/li>\n\n\n\n<li>Uluslararas\u0131 \u00f6\u011frenci topluluklar\u0131<\/li>\n\n\n\n<li>K\u00fclt\u00fcr ve sanat etkinlikleri<\/li>\n\n\n\n<li>Dil de\u011fi\u015fim bulu\u015fmalar\u0131<\/li>\n<\/ul>\n\n\n\n<p>Bremen\u2019de \u00f6\u011frenci kul\u00fcpleri aktif olmakla birlikte, \u015fehir genelinde de \u00e7e\u015fitli etkinlikler d\u00fczenlenir.<\/p>\n\n\n\n<h3 class=\"wp-block-heading\">\u015eehirde Sosyal Ya\u015fam<\/h3>\n\n\n\n<p>Bremen\u2019in \u015fehir merkezi, \u00f6zellikle ak\u015fam saatlerinde olduk\u00e7a canl\u0131d\u0131r. Schlachte b\u00f6lgesi (nehir kenar\u0131), \u00f6\u011frencilerin s\u0131k\u00e7a vakit ge\u00e7irdi\u011fi alanlardan biridir. Burada kafeler, restoranlar ve barlar bulunur.<\/p>\n\n\n\n<p>Ayr\u0131ca Bremen\u2019de d\u00fczenlenen Noel pazarlar\u0131, yaz festivalleri ve a\u00e7\u0131k hava etkinlikleri \u00f6\u011frenciler i\u00e7in keyifli sosyal deneyimler sunar.<\/p>\n\n\n\n<hr class=\"wp-block-separator has-alpha-channel-opacity\" \/>\n\n\n\n<h2 class=\"wp-block-heading\">Ya\u015fam Maliyeti<\/h2>\n\n\n\n<figure class=\"wp-block-image alignright size-large is-resized\"><img loading=\"lazy\" decoding=\"async\" width=\"1024\" height=\"682\" src=\"https:\/\/unideyim.com\/blog\/wp-content\/uploads\/2026\/03\/image-14-1024x682.png\" alt=\"\" class=\"wp-image-362\" style=\"width:444px;height:auto\" srcset=\"https:\/\/unideyim.com\/blog\/wp-content\/uploads\/2026\/03\/image-14-1024x682.png 1024w, https:\/\/unideyim.com\/blog\/wp-content\/uploads\/2026\/03\/image-14-300x200.png 300w, https:\/\/unideyim.com\/blog\/wp-content\/uploads\/2026\/03\/image-14-768x511.png 768w, https:\/\/unideyim.com\/blog\/wp-content\/uploads\/2026\/03\/image-14.png 1440w\" sizes=\"auto, (max-width: 1024px) 100vw, 1024px\" \/><\/figure>\n\n\n\n<p>Bremen, Almanya genelinde <strong>ya\u015fam maliyeti a\u00e7\u0131s\u0131ndan orta seviyede<\/strong> say\u0131labilecek \u015fehirlerden biridir. Berlin veya M\u00fcnih\u2019e k\u0131yasla daha uygun, ancak \u00e7ok k\u00fc\u00e7\u00fck \u015fehirlere g\u00f6re biraz daha pahal\u0131 olabilir.<\/p>\n\n\n\n<h3 class=\"wp-block-heading\">Kira ve Konaklama<\/h3>\n\n\n\n<ul class=\"wp-block-list\">\n<li>WG (payla\u015f\u0131ml\u0131 ev): 350 \u2013 550 \u20ac<\/li>\n\n\n\n<li>Tek ki\u015filik daire: 500 \u2013 800 \u20ac<\/li>\n\n\n\n<li>\u00d6\u011frenci yurtlar\u0131: Daha uygun ama kontenjan s\u0131n\u0131rl\u0131<\/li>\n<\/ul>\n\n\n\n<p>WG sistemi Bremen\u2019de olduk\u00e7a yayg\u0131nd\u0131r ve \u00f6\u011frenciler i\u00e7in en mant\u0131kl\u0131 se\u00e7eneklerden biridir.<\/p>\n\n\n\n<h3 class=\"wp-block-heading\">G\u00fcnl\u00fck Giderler<\/h3>\n\n\n\n<ul class=\"wp-block-list\">\n<li>Market al\u0131\u015fveri\u015fi: 200 \u2013 250 \u20ac<\/li>\n\n\n\n<li>Yeme i\u00e7me d\u0131\u015far\u0131da: 8 \u2013 15 \u20ac (\u00f6\u011frenci dostu mekanlarda)<\/li>\n<\/ul>\n\n\n\n<h3 class=\"wp-block-heading\">Ula\u015f\u0131m<\/h3>\n\n\n\n<ul class=\"wp-block-list\">\n<li>Ayl\u0131k \u00f6\u011frenci bileti genellikle d\u00f6nemlik bilet kapsam\u0131nda sunulur<\/li>\n\n\n\n<li>Toplu ta\u015f\u0131ma sistemi olduk\u00e7a d\u00fczenli<\/li>\n\n\n\n<li>Bisiklet kullan\u0131m\u0131 \u00e7ok yayg\u0131n<\/li>\n<\/ul>\n\n\n\n<h3 class=\"wp-block-heading\">Ortalama Ayl\u0131k Gider<\/h3>\n\n\n\n<p>Genel olarak Bremen\u2019de bir \u00f6\u011frencinin ayl\u0131k gideri:<br>\ud83d\udc49 <strong>850 \u2013 1100 \u20ac<\/strong> aras\u0131nda de\u011fi\u015fir<\/p>\n\n\n\n<hr class=\"wp-block-separator has-alpha-channel-opacity\" \/>\n\n\n\n<h2 class=\"wp-block-heading\">\u0130\u015f ve Staj \u0130mkanlar\u0131<\/h2>\n\n\n\n<p>Bremen, \u00f6\u011frenciler i\u00e7in \u00f6zellikle lojistik, sanayi ve ticaret alanlar\u0131nda \u00f6nemli f\u0131rsatlar sunar.<\/p>\n\n\n\n<h3 class=\"wp-block-heading\">\u015eehirdeki \u00d6ne \u00c7\u0131kan Sekt\u00f6rler<\/h3>\n\n\n\n<ul class=\"wp-block-list\">\n<li>Lojistik ve denizcilik<\/li>\n\n\n\n<li>Havac\u0131l\u0131k ve uzay sanayi<\/li>\n\n\n\n<li>Otomotiv yan sanayi<\/li>\n\n\n\n<li>G\u0131da ve ticaret<\/li>\n<\/ul>\n\n\n\n<p>Bremen\u2019de bulunan Airbus tesisleri ve liman \u00e7evresindeki \u015firketler, \u00f6\u011frencilere \u00f6nemli kariyer f\u0131rsatlar\u0131 sunar.<\/p>\n\n\n\n<h3 class=\"wp-block-heading\">Part-time ve Werkstudent \u0130mkanlar\u0131<\/h3>\n\n\n\n<ul class=\"wp-block-list\">\n<li>\u00dcniversite \u00f6\u011frencileri haftada 20 saate kadar \u00e7al\u0131\u015fabilir<\/li>\n\n\n\n<li>Werkstudent pozisyonlar\u0131 \u00f6zellikle m\u00fchendislik ve i\u015fletme \u00f6\u011frencileri i\u00e7in yayg\u0131nd\u0131r<\/li>\n\n\n\n<li>Lojistik firmalar\u0131nda yar\u0131 zamanl\u0131 i\u015f bulmak g\u00f6rece daha kolayd\u0131r<\/li>\n<\/ul>\n\n\n\n<h3 class=\"wp-block-heading\">Kariyer A\u00e7\u0131s\u0131ndan Avantaj<\/h3>\n\n\n\n<p>Bremen\u2019de e\u011fitim al\u0131rken i\u015f bulmak, b\u00fcy\u00fck \u015fehirlere g\u00f6re bazen daha kolay olabilir \u00e7\u00fcnk\u00fc rekabet daha d\u00fc\u015f\u00fckt\u00fcr. Ayn\u0131 zamanda \u015firketler \u00fcniversitelerle yak\u0131n \u00e7al\u0131\u015ft\u0131\u011f\u0131 i\u00e7in \u00f6\u011frenciler daha erken a\u015famada i\u015f d\u00fcnyas\u0131na ad\u0131m atabilir.<\/p>\n\n\n\n<hr class=\"wp-block-separator has-alpha-channel-opacity\" \/>\n\n\n\n<h2 class=\"wp-block-heading\">G\u00fcvenlik ve Ya\u015fam Kalitesi<\/h2>\n\n\n\n<p>Bremen genel olarak g\u00fcvenli bir \u015fehir olarak kabul edilir.<\/p>\n\n\n\n<ul class=\"wp-block-list\">\n<li>\u015eehir merkezi ve \u00f6\u011frenci b\u00f6lgeleri g\u00fcvenlidir<\/li>\n\n\n\n<li>Gece hayat\u0131 kontroll\u00fc ve d\u00fczenlidir<\/li>\n\n\n\n<li>Toplu ta\u015f\u0131ma g\u00fcvenli \u015fekilde kullan\u0131labilir<\/li>\n<\/ul>\n\n\n\n<figure class=\"wp-block-image alignleft size-full is-resized\"><img loading=\"lazy\" decoding=\"async\" width=\"943\" height=\"628\" src=\"https:\/\/unideyim.com\/blog\/wp-content\/uploads\/2026\/03\/image-15.png\" alt=\"\" class=\"wp-image-363\" style=\"width:438px;height:auto\" srcset=\"https:\/\/unideyim.com\/blog\/wp-content\/uploads\/2026\/03\/image-15.png 943w, https:\/\/unideyim.com\/blog\/wp-content\/uploads\/2026\/03\/image-15-300x200.png 300w, https:\/\/unideyim.com\/blog\/wp-content\/uploads\/2026\/03\/image-15-768x511.png 768w\" sizes=\"auto, (max-width: 943px) 100vw, 943px\" \/><\/figure>\n\n\n\n<h3 class=\"wp-block-heading\">Ya\u015fam Kalitesi<\/h3>\n\n\n\n<p>Bremen\u2019in en g\u00fc\u00e7l\u00fc yanlar\u0131ndan biri ya\u015fam kalitesidir:<\/p>\n\n\n\n<ul class=\"wp-block-list\">\n<li>Ye\u015fil alanlar ve parklar<\/li>\n\n\n\n<li>Nehir kenar\u0131nda y\u00fcr\u00fcy\u00fc\u015f ve spor imkanlar\u0131<\/li>\n\n\n\n<li>Daha az stresli bir \u015fehir hayat\u0131<\/li>\n\n\n\n<li>\u0130nsanlar\u0131n daha sakin ve yard\u0131msever olmas\u0131<\/li>\n<\/ul>\n\n\n\n<p>Bu \u00f6zellikler \u00f6zellikle ilk kez yurtd\u0131\u015f\u0131na \u00e7\u0131kan \u00f6\u011frenciler i\u00e7in adaptasyonu kolayla\u015ft\u0131r\u0131r.<\/p>\n\n\n\n<hr class=\"wp-block-separator has-alpha-channel-opacity\" \/>\n\n\n\n<h2 class=\"wp-block-heading\">Bu \u015eehir Kimler \u0130\u00e7in Uygun?<\/h2>\n\n\n\n<p>Bremen herkes i\u00e7in ideal olmayabilir ama do\u011fru profil i\u00e7in ger\u00e7ekten \u00e7ok iyi bir tercih olabilir.<\/p>\n\n\n\n<h3 class=\"wp-block-heading\">Bremen\u2019in Uygun Oldu\u011fu \u00d6\u011frenciler<\/h3>\n\n\n\n<ul class=\"wp-block-list\">\n<li>Daha sakin ve dengeli bir \u015fehir isteyenler<\/li>\n\n\n\n<li>B\u00fcy\u00fck \u015fehir karma\u015fas\u0131ndan ka\u00e7\u0131nmak isteyenler<\/li>\n\n\n\n<li>Lojistik, m\u00fchendislik veya ticaret alan\u0131na ilgi duyanlar<\/li>\n\n\n\n<li>Daha ula\u015f\u0131labilir ya\u015fam maliyeti arayanlar<\/li>\n\n\n\n<li>Uluslararas\u0131 ama daha \u201cmanageable\u201d bir ortam isteyenler<\/li>\n<\/ul>\n\n\n\n<h3 class=\"wp-block-heading\">Daha Az Uygun Olabilecekler<\/h3>\n\n\n\n<ul class=\"wp-block-list\">\n<li>\u00c7ok hareketli gece hayat\u0131 isteyenler<\/li>\n\n\n\n<li>\u201cB\u00fcy\u00fck \u015fehir vibe\u2019\u0131\u201d arayanlar<\/li>\n\n\n\n<li>S\u00fcrekli etkinlik ve kalabal\u0131k ortam isteyenler<\/li>\n<\/ul>\n\n\n\n<hr class=\"wp-block-separator has-alpha-channel-opacity\" \/>\n\n\n\n<p>Bremen, Almanya\u2019da \u00fcniversite okumak isteyen \u00f6\u011frenciler i\u00e7in <strong>denge, ula\u015f\u0131labilirlik ve kaliteyi bir arada sunan \u015fehirlerden biri<\/strong>. Ne \u00e7ok b\u00fcy\u00fck ne \u00e7ok k\u00fc\u00e7\u00fck olmas\u0131, ya\u015fam maliyetinin kontrol edilebilir olmas\u0131, \u00fcniversitelerin g\u00fc\u00e7l\u00fc akademik yap\u0131s\u0131 ve \u015fehirdeki sakin ama sosyal ya\u015fam, Bremen\u2019i \u00f6zellikle bilin\u00e7li tercih yapan \u00f6\u011frenciler i\u00e7in cazip hale getiriyor. E\u011fer hayaliniz sadece bir \u00fcniversite okumak de\u011fil, ayn\u0131 zamanda <strong>rahat adapte olabilece\u011finiz, kendinizi geli\u015ftirebilece\u011finiz ve dengeli bir hayat kurabilece\u011finiz bir \u015fehirde ya\u015famaksa<\/strong>, Bremen kesinlikle de\u011ferlendirilmesi gereken se\u00e7eneklerden biri. Hayalinizi ger\u00e7e\u011fe d\u00f6n\u00fc\u015ft\u00fcrmek i\u00e7in bizimle ileti\u015fime ge\u00e7in ve bu heyecan verici yolculukta yan\u0131n\u0131zda olal\u0131m. Uzman e\u011fitim dan\u0131\u015fmanlar\u0131m\u0131zdan\u00a0<strong><a href=\"https:\/\/bit.ly\/3WwHMJt\">\u00fccretsiz Randevu Almak i\u00e7in T\u0131klay\u0131n!<\/a><\/strong><\/p>\n","protected":false},"excerpt":{"rendered":"<p>Almanya\u2019da \u00fcniversite okumay\u0131 planlarken \u00e7o\u011fu \u00f6\u011frenci Berlin, M\u00fcnih ya da K\u00f6ln gibi b\u00fcy\u00fck \u015fehirlere y\u00f6neliyor. Ancak daha sakin, daha ula\u015f\u0131labilir ve ayn\u0131 zamanda kaliteli bir \u00f6\u011frenci hayat\u0131 sunan \u015fehirler de var. Bremen, bu anlamda dikkat \u00e7eken \u015fehirlerden biri. Bu yaz\u0131da Bremen\u2019in genel yap\u0131s\u0131ndan \u00fcniversitelerine, \u00f6\u011frenci hayat\u0131ndan ya\u015fam maliyetlerine, i\u015f imkanlar\u0131ndan \u015fehirdeki ya\u015fam kalitesine kadar bir\u00e7ok \u00f6nemli ba\u015fl\u0131\u011f\u0131 ele alaca\u011f\u0131z. E\u011fer Almanya\u2019da daha dengeli, huzurlu ama ayn\u0131 zamanda sosyal bir \u00f6\u011frenci hayat\u0131 ar\u0131yorsan\u0131z, Bremen sizin i\u00e7in do\u011fru \u015fehir olabilir mi birlikte inceleyelim.<\/p>\n","protected":false},"author":2,"featured_media":0,"comment_status":"open","ping_status":"open","sticky":false,"template":"","format":"standard","meta":{"footnotes":""},"categories":[7,5],"tags":[25,60,8,99,100],"class_list":["post-359","post","type-post","status-publish","format-standard","hentry","category-gezi","category-sehirler","tag-almanyada-ogrenci-olmak","tag-almanyada-yasam","tag-almanyada-egitim","tag-bremen","tag-bremen-universitat"],"_links":{"self":[{"href":"https:\/\/unideyim.com\/blog\/index.php?rest_route=\/wp\/v2\/posts\/359","targetHints":{"allow":["GET"]}}],"collection":[{"href":"https:\/\/unideyim.com\/blog\/index.php?rest_route=\/wp\/v2\/posts"}],"about":[{"href":"https:\/\/unideyim.com\/blog\/index.php?rest_route=\/wp\/v2\/types\/post"}],"author":[{"embeddable":true,"href":"https:\/\/unideyim.com\/blog\/index.php?rest_route=\/wp\/v2\/users\/2"}],"replies":[{"embeddable":true,"href":"https:\/\/unideyim.com\/blog\/index.php?rest_route=%2Fwp%2Fv2%2Fcomments&post=359"}],"version-history":[{"count":1,"href":"https:\/\/unideyim.com\/blog\/index.php?rest_route=\/wp\/v2\/posts\/359\/revisions"}],"predecessor-version":[{"id":364,"href":"https:\/\/unideyim.com\/blog\/index.php?rest_route=\/wp\/v2\/posts\/359\/revisions\/364"}],"wp:attachment":[{"href":"https:\/\/unideyim.com\/blog\/index.php?rest_route=%2Fwp%2Fv2%2Fmedia&parent=359"}],"wp:term":[{"taxonomy":"category","embeddable":true,"href":"https:\/\/unideyim.com\/blog\/index.php?rest_route=%2Fwp%2Fv2%2Fcategories&post=359"},{"taxonomy":"post_tag","embeddable":true,"href":"https:\/\/unideyim.com\/blog\/index.php?rest_route=%2Fwp%2Fv2%2Ftags&post=359"}],"curies":[{"name":"wp","href":"https:\/\/api.w.org\/{rel}","templated":true}]}}