{"id":57,"date":"2024-11-21T11:43:21","date_gmt":"2024-11-21T11:43:21","guid":{"rendered":"https:\/\/unideyim.com\/blog\/?p=57"},"modified":"2025-01-23T07:48:42","modified_gmt":"2025-01-23T07:48:42","slug":"almanyada-ucretsiz-egitim-semesterbeitrag-ile-universite-hayatinin-maliyeti","status":"publish","type":"post","link":"https:\/\/unideyim.com\/blog\/?p=57","title":{"rendered":"Almanya\u2019da \u00dccretsiz E\u011fitim: Semesterbeitrag ile \u00dcniversite Hayat\u0131n\u0131n Maliyeti"},"content":{"rendered":"\n<figure class=\"wp-block-image alignright size-full is-resized\"><img loading=\"lazy\" decoding=\"async\" width=\"765\" height=\"383\" src=\"https:\/\/unideyim.com\/blog\/wp-content\/uploads\/2024\/11\/Universitat-pano.jpg\" alt=\"\" class=\"wp-image-58\" style=\"width:630px;height:auto\" srcset=\"https:\/\/unideyim.com\/blog\/wp-content\/uploads\/2024\/11\/Universitat-pano.jpg 765w, https:\/\/unideyim.com\/blog\/wp-content\/uploads\/2024\/11\/Universitat-pano-300x150.jpg 300w\" sizes=\"auto, (max-width: 765px) 100vw, 765px\" \/><\/figure>\n\n\n\n<p>\u00dccretsiz \u00fcniversite e\u011fitimi denince akla ilk gelen \u00fclkelerden biri olan Almanya, uluslararas\u0131 \u00f6\u011frenciler i\u00e7in b\u00fcy\u00fck f\u0131rsatlar sunuyor. Ancak, ger\u00e7ekten her \u015fey tamamen \u00fccretsiz mi? Semesterbeitrag ad\u0131 verilen katk\u0131 pay\u0131, \u00f6\u011frencilik masraflar\u0131n\u0131 nas\u0131l \u015fekillendiriyor ve sundu\u011fu avantajlarla bu maliyeti nas\u0131l dengeliyor? Almanya\u2019da e\u011fitim hayali kuranlar i\u00e7in t\u00fcm detaylar bu yaz\u0131da!<\/p>\n\n\n\n<p>Almanya, d\u00fcnya \u00e7ap\u0131nda \u00f6\u011frencilerin tercih etti\u011fi \u00fclkelerden biri olarak \u00f6ne \u00e7\u0131kmaktad\u0131r. Bunun en b\u00fcy\u00fck nedenlerinden biri, \u00fclkedeki \u00fcniversitelerde e\u011fitimin genellikle \u00fccretsiz olmas\u0131d\u0131r. Bir\u00e7ok devlet \u00fcniversitesi, \u00f6\u011frencilerinden e\u011fitim harc\u0131 yerine sadece \u201cSemesterbeitrag\u201d ad\u0131 verilen d\u00f6nem katk\u0131 pay\u0131 talep eder.&nbsp; <\/p>\n\n\n\n<h3 class=\"wp-block-heading\"><strong>Semesterbeitrag Nedir?<\/strong><\/h3>\n\n\n\n<p>Semesterbeitrag, \u00f6\u011frencilerin \u00fcniversite ya\u015fam\u0131n\u0131 kolayla\u015ft\u0131ran hizmetlere katk\u0131 sa\u011flamak amac\u0131yla \u00f6denen bir \u00fccrettir ve ders \u00fccreti olarak kabul edilmez.Bu \u00fccretin amac\u0131, \u00fcniversitelerdeki \u00f6\u011frencilere Semesterticket ve \u00e7e\u015fitli hizmetlerin sunulmas\u0131n\u0131 sa\u011flamakt\u0131r. \u00d6rne\u011fin:<\/p>\n\n\n\n<ul class=\"wp-block-list\">\n<li><strong>\u00d6\u011frenci Konseyi ve Temsilcilik Hizmetleri<\/strong>: \u00d6\u011frencilerin \u00fcniversite i\u00e7indeki haklar\u0131n\u0131 savunan \u00f6\u011frenci temsilciliklerinin \u00e7al\u0131\u015fmalar\u0131 i\u00e7in yap\u0131lan katk\u0131lar.<\/li>\n\n\n\n<li><strong>Sosyal ve K\u00fclt\u00fcrel Hizmetler<\/strong>: K\u00fct\u00fcphaneler, yurtlar, \u00f6\u011frenci yemekhaneleri, k\u00fclt\u00fcrel etkinlikler ve sosyal projeler gibi \u00f6\u011frencilerin g\u00fcnl\u00fck ya\u015fam\u0131n\u0131 kolayla\u015ft\u0131ran ve iyile\u015ftiren hizmetler<\/li>\n\n\n\n<li><strong>Di\u011fer Destek Hizmetleri<\/strong>: Psikolojik dan\u0131\u015fmanl\u0131k, kariyer dan\u0131\u015fmanl\u0131\u011f\u0131 gibi \u00f6\u011frencilere y\u00f6nelik destek hizmetler<\/li>\n\n\n\n<li><strong>Toplu Ta\u015f\u0131ma \u0130mkanlar\u0131 (Semesterticket)<\/strong>: Semesterbeitrag \u00fccretine toplu ta\u015f\u0131ma bileti dahildir. 2024 yaz d\u00f6neminden itibaren \u00f6\u011frencilere Semesterticket olarak d\u00f6nem boyunca kullanabilecekleri <a href=\"https:\/\/unideyim.com\/blog\/?p=46\">Deutschlandticket<\/a> verilmeye ba\u015flam\u0131\u015ft\u0131r.<\/li>\n<\/ul>\n\n\n\n<figure class=\"wp-block-image\"><img decoding=\"async\" src=\"https:\/\/lh7-rt.googleusercontent.com\/docsz\/AD_4nXf2BEZPQPZ_cNZ9yOPVngsg8iLSFsDSR4AWGgy0GgOwL88p2pUm1rP7AXjzZzpEBrbCQE36Tr2eqhyUL9tj43uOk83dfMMy1tnPUebQkXbX-gLAoPAZqnGORQ5lnWzTiWYVZt7q?key=y8xb1meAy5RrSGcr37XcYEjZ\" alt=\"\" \/><\/figure>\n\n\n\n<h3 class=\"wp-block-heading\"><strong>Baden-W\u00fcrttemberg Eyaletinde Yabanc\u0131 \u00d6\u011frenciler \u0130\u00e7in Y\u00fcksek \u00dccretler<\/strong><\/h3>\n\n\n\n<p>Baden-W\u00fcrttemberg eyaleti, 2017 y\u0131l\u0131nda baz\u0131 eyalet d\u0131\u015f\u0131 (AB d\u0131\u015f\u0131) \u00f6\u011frenciler i\u00e7in d\u00f6nemlik \u00f6\u011frenim \u00fccreti uygulamas\u0131n\u0131 ba\u015flatm\u0131\u015ft\u0131r. Bu uygulama, Baden-W\u00fcrttemberg eyaletinde e\u011fitim alacak uluslararas\u0131 \u00f6\u011frenciler i\u00e7in, \u00f6\u011frenim \u00fccreti olarak yakla\u015f\u0131k <strong>1500 Euro<\/strong> gibi ek bir \u00f6deme yapmalar\u0131n\u0131 gerektirir. Bu, semesterbeitrag d\u0131\u015f\u0131nda \u00f6denmesi gereken zorunlu bir \u00fccrettir.<\/p>\n\n\n\n<h3 class=\"wp-block-heading\"><strong>Bu Y\u00fcksek \u00dccretin Sebepleri Nelerdir?<\/strong><\/h3>\n\n\n\n<ol class=\"wp-block-list\">\n<li><strong>Devlet Harcamalar\u0131n\u0131n Azalt\u0131lmas\u0131:<\/strong> Almanya\u2019da y\u00fcksek\u00f6\u011fretim devlet taraf\u0131ndan b\u00fcy\u00fck oranda s\u00fcbvanse edilir. Ancak devlet, bu s\u00fcbvansiyonun daha \u00e7ok Almanya ve AB i\u00e7indeki \u00f6\u011frenciler i\u00e7in kullan\u0131lmas\u0131 gerekti\u011fini d\u00fc\u015f\u00fcnerek, eyalet d\u0131\u015f\u0131 \u00f6\u011frencilere ek \u00fccretler koymay\u0131 tercih etmektedir.<\/li>\n\n\n\n<li><strong>\u00dcniversite Finansman\u0131:<\/strong> Almanya\u2019daki devlet \u00fcniversiteleri, y\u00fcksek kaliteli e\u011fitim sunmak ve \u00e7e\u015fitli imkanlar sa\u011flamak i\u00e7in finansman deste\u011fine ihtiya\u00e7 duyar. Bu ekstra \u00fccretler, eyalet d\u0131\u015f\u0131ndan gelen \u00f6\u011frencilerden al\u0131narak \u00fcniversitelere ek bir gelir kayna\u011f\u0131 sa\u011flan\u0131r.<\/li>\n\n\n\n<li><strong>E\u011fitimde S\u00fcrd\u00fcr\u00fclebilirlik:<\/strong> Yabanc\u0131 \u00f6\u011frenciler i\u00e7in getirilen bu ek \u00fccretin, yerel e\u011fitim kaynaklar\u0131n\u0131n daha s\u00fcrd\u00fcr\u00fclebilir kullan\u0131lmas\u0131na olanak tan\u0131d\u0131\u011f\u0131 d\u00fc\u015f\u00fcn\u00fclmektedir. Bu uygulama ile Almanya\u2019daki s\u0131n\u0131rl\u0131 e\u011fitim b\u00fct\u00e7esinin \u00f6ncelikli olarak yerel \u00f6\u011frenciler i\u00e7in kullan\u0131lmas\u0131n\u0131 sa\u011flama amac\u0131 g\u00fcd\u00fclmektedir.<\/li>\n\n\n\n<li><strong>E\u015fitlik ve Rekabet Sa\u011flanmas\u0131:<\/strong> Di\u011fer Avrupa \u00fclkelerinde ve \u00f6zellikle Kuzey Amerika\u2019da e\u011fitim \u00fccretleri olduk\u00e7a y\u00fcksektir. Bu uygulama ile Baden-W\u00fcrttemberg eyaleti, uluslararas\u0131 \u00f6\u011frencilerden al\u0131nan \u00fccretlerle bir denge yaratmak istemektedir.<\/li>\n<\/ol>\n\n\n\n<p>Almanya\u2019da \u00fcniversite e\u011fitimi, genellikle \u00fccretsiz olmas\u0131 nedeniyle uluslararas\u0131 \u00f6\u011frenciler i\u00e7in cazip bir se\u00e7enek sunmaktad\u0131r. Ancak Baden-W\u00fcrttemberg eyaletinde uluslararas\u0131 \u00f6\u011frenciler i\u00e7in getirilen y\u00fcksek \u00f6\u011frenim \u00fccretleri, bu avantaj\u0131 bir \u00f6l\u00e7\u00fcde s\u0131n\u0131rland\u0131rmaktad\u0131r. Semesterbeitrag, e\u011fitimle do\u011frudan ba\u011flant\u0131s\u0131 olmayan ama \u00f6\u011frencilerin sosyal ya\u015fam\u0131n\u0131 ve kamp\u00fcsteki imkanlar\u0131n\u0131 iyile\u015ftiren bir katk\u0131 pay\u0131 olarak Almanya genelinde uygulanmaya devam ederken, Baden-W\u00fcrttemberg eyaletinde eyalet d\u0131\u015f\u0131 \u00f6\u011frencilerden al\u0131nan \u00f6\u011frenim \u00fccretleri bu b\u00f6lgeye e\u011fitim amac\u0131yla gelen yabanc\u0131 \u00f6\u011frencilerin planlama yaparken dikkat etmesi gereken bir maliyet unsuru olarak \u00f6ne \u00e7\u0131kmaktad\u0131r.&nbsp;<\/p>\n\n\n\n<p>Unideyim olarak, Almanya\u2019da e\u011fitim hakk\u0131nda daha fazla bilgi ve ki\u015fiselle\u015ftirilmi\u015f dan\u0131\u015fmanl\u0131k hizmeti sunuyoruz. Sitemizi ziyaret ederek en g\u00fcncel yurtd\u0131\u015f\u0131 e\u011fitim haberlerinden haberdar olabilir ve \u00fccretsiz bro\u015f\u00fcrlerimize eri\u015febilirsiniz. E\u011fitim hayallerinizi ger\u00e7ekle\u015ftirmek bir buton uza\u011f\u0131n\u0131zda! <strong><a href=\"https:\/\/calendly.com\/d\/cngm-hy5-qkb\/almanya-hedefinize-uzman-ekibimizle-ilk-adimi-atin?fbclid=PAZXh0bgNhZW0CMTEAAabSW3QnA1l4jnHXClAndRzJDS37WcfRHluplYgaNaF5KVpZjkKzZVOEN0U_aem_xnHWI1dCN0liGHXd2eYZXw&amp;month=2025-01\">\u00dccretsiz Randevu Almak i\u00e7in T\u0131klay\u0131n<\/a>!<\/strong><\/p>\n\n\n\n<p><\/p>\n","protected":false},"excerpt":{"rendered":"<p>\u00dccretsiz \u00fcniversite e\u011fitimi denince akla ilk gelen \u00fclkelerden biri olan Almanya, uluslararas\u0131 \u00f6\u011frenciler i\u00e7in b\u00fcy\u00fck f\u0131rsatlar sunuyor. Ancak, ger\u00e7ekten her \u015fey tamamen \u00fccretsiz mi? Semesterbeitrag ad\u0131 verilen katk\u0131 pay\u0131, \u00f6\u011frencilik masraflar\u0131n\u0131 nas\u0131l \u015fekillendiriyor ve sundu\u011fu avantajlarla bu maliyeti nas\u0131l dengeliyor? Almanya\u2019da e\u011fitim hayali kuranlar i\u00e7in t\u00fcm detaylar bu yaz\u0131da!<\/p>\n","protected":false},"author":2,"featured_media":0,"comment_status":"open","ping_status":"open","sticky":false,"template":"","format":"standard","meta":{"footnotes":""},"categories":[6,4],"tags":[8,10,13,14],"class_list":["post-57","post","type-post","status-publish","format-standard","hentry","category-egitim","category-universiteler","tag-almanyada-egitim","tag-almayada-universite","tag-deutschlandticket","tag-semesterbeitrag"],"_links":{"self":[{"href":"https:\/\/unideyim.com\/blog\/index.php?rest_route=\/wp\/v2\/posts\/57","targetHints":{"allow":["GET"]}}],"collection":[{"href":"https:\/\/unideyim.com\/blog\/index.php?rest_route=\/wp\/v2\/posts"}],"about":[{"href":"https:\/\/unideyim.com\/blog\/index.php?rest_route=\/wp\/v2\/types\/post"}],"author":[{"embeddable":true,"href":"https:\/\/unideyim.com\/blog\/index.php?rest_route=\/wp\/v2\/users\/2"}],"replies":[{"embeddable":true,"href":"https:\/\/unideyim.com\/blog\/index.php?rest_route=%2Fwp%2Fv2%2Fcomments&post=57"}],"version-history":[{"count":2,"href":"https:\/\/unideyim.com\/blog\/index.php?rest_route=\/wp\/v2\/posts\/57\/revisions"}],"predecessor-version":[{"id":244,"href":"https:\/\/unideyim.com\/blog\/index.php?rest_route=\/wp\/v2\/posts\/57\/revisions\/244"}],"wp:attachment":[{"href":"https:\/\/unideyim.com\/blog\/index.php?rest_route=%2Fwp%2Fv2%2Fmedia&parent=57"}],"wp:term":[{"taxonomy":"category","embeddable":true,"href":"https:\/\/unideyim.com\/blog\/index.php?rest_route=%2Fwp%2Fv2%2Fcategories&post=57"},{"taxonomy":"post_tag","embeddable":true,"href":"https:\/\/unideyim.com\/blog\/index.php?rest_route=%2Fwp%2Fv2%2Ftags&post=57"}],"curies":[{"name":"wp","href":"https:\/\/api.w.org\/{rel}","templated":true}]}}